{"id":67517,"date":"2025-02-20T13:40:34","date_gmt":"2025-02-20T11:40:34","guid":{"rendered":"https:\/\/orheifm.live\/index.php\/2025\/02\/20\/noua-focare-de-pesta-porcina-africana-inregistrate-in-moldova-in-februarie-2025\/"},"modified":"2025-02-20T13:40:34","modified_gmt":"2025-02-20T11:40:34","slug":"noua-focare-de-pesta-porcina-africana-inregistrate-in-moldova-in-februarie-2025","status":"publish","type":"post","link":"https:\/\/orheifm.live\/index.php\/2025\/02\/20\/noua-focare-de-pesta-porcina-africana-inregistrate-in-moldova-in-februarie-2025\/","title":{"rendered":"Nou\u0103 focare de Pest\u0103 porcin\u0103 african\u0103 \u00eenregistrate \u00een Moldova \u00een februarie 2025"},"content":{"rendered":"<div>\n<p><strong>\u00cen perioada 10-19 februarie 2025, au fost \u00eenregistrate nou\u0103 focare noi de Pest\u0103 porcin\u0103 african\u0103 (PPA) pe teritoriul Republicii Moldova, conform unui comunicat al ANSA. Detaliile focarelor depistate sunt urm\u0103toarele:<\/strong><\/p>\n<ul>\n<li>2 focare la porci domestici \u00een raionul Drochia, \u00een localit\u0103\u021bile \u0218uri \u0219i Drochia;<\/li>\n<li>1 focar la porci domestici \u00een raionul Ialoveni, satul R\u0103zeni;<\/li>\n<li>1 focar la porci domestici \u00een raionul Ocni\u021ba, localitatea Mere\u0219euca;<\/li>\n<li>2 focare \u00een raionul Dondu\u0219eni: unul la porci domestici, \u00een localitatea Mo\u0219ana, \u0219i unul la mistre\u021b, \u00een extravilanul localit\u0103\u021bii Briceni;<\/li>\n<li>1 focar la porci domestici \u00een raionul Criuleni, localitatea Cimi\u0219eni;<\/li>\n<li>1 focar la mistre\u021b \u00een raionul Anenii Noi, satul Geam\u0103na;<\/li>\n<li>1 focar la porci domestici \u00een raionul Edine\u021b, localitatea Rotunda.<\/li>\n<\/ul>\n<p>Tot \u00een aceast\u0103 perioad\u0103, a fost depistat un focar de influen\u021b\u0103 aviar\u0103 \u00eenalt patogen\u0103 (H5N1) la fauna s\u0103lbatic\u0103, \u00een raionul Dub\u0103sari, satul P\u00eer\u00eeta.<\/p>\n<p>Pentru a preveni r\u0103sp\u00e2ndirea virusului, au fost instituite m\u0103suri de carantin\u0103 \u00een zonele afectate, iar zonele de protec\u021bie \u0219i supraveghere au fost stabilite. Autorit\u0103\u021bile efectueaz\u0103 controale ale rezervoarelor s\u0103lbatice, ale mi\u0219c\u0103rii animalelor pe teritoriul \u021b\u0103rii \u0219i screening-ul porcilor domestici \u0219i al popula\u021biilor de mistre\u021bi.<\/p>\n<p>De asemenea, au fost eradicat cu succes 5 focare de PPA la porci domestici. De la \u00eenceputul anului 2025, \u00een total, au fost \u00eenregistrate 26 de focare de Pest\u0103 porcin\u0103 african\u0103 la porci domestici \u0219i 2 focare la mistre\u021bi, iar \u00een prezent sunt active 23 de focare de PPA. P\u00e2n\u0103 acum, au fost distru\u0219i 144 de porci.<\/p>\n<p>ANSA \u00eendeamn\u0103 fermierii \u0219i popula\u021bia s\u0103 respecte m\u0103surile stricte de biosecuritate pentru a preveni r\u0103sp\u00e2ndirea virusului.<\/p>\n<\/div>\n","protected":false},"excerpt":{"rendered":"<div><img loading=\"lazy\" decoding=\"async\" width=\"696\" height=\"392\" src=\"https:\/\/canal5.md\/wp-content\/uploads\/2025\/02\/6d28d0fafb398beb1eda91e0e99aab8ec3a0dc1605e6846c9f5ce18985e7aeca-optimized.jpg\" class=\"attachment-large size-large wp-post-image\" alt=\"\" srcset=\"https:\/\/canal5.md\/wp-content\/uploads\/2025\/02\/6d28d0fafb398beb1eda91e0e99aab8ec3a0dc1605e6846c9f5ce18985e7aeca-optimized.jpg 800w, https:\/\/canal5.md\/wp-content\/uploads\/2025\/02\/6d28d0fafb398beb1eda91e0e99aab8ec3a0dc1605e6846c9f5ce18985e7aeca-300x169-optimized.jpg 300w, https:\/\/canal5.md\/wp-content\/uploads\/2025\/02\/6d28d0fafb398beb1eda91e0e99aab8ec3a0dc1605e6846c9f5ce18985e7aeca-768x432-optimized.jpg 768w, https:\/\/canal5.md\/wp-content\/uploads\/2025\/02\/6d28d0fafb398beb1eda91e0e99aab8ec3a0dc1605e6846c9f5ce18985e7aeca-696x392-optimized.jpg 696w\">\u00cen perioada 10-19 februarie 2025, au fost \u00eenregistrate nou\u0103 focare noi de Pest\u0103 porcin\u0103 african\u0103 (PPA) pe teritoriul Republicii Moldova, conform unui comunicat al ANSA. Detaliile focarelor depistate sunt urm\u0103toarele: 2 focare la porci domestici \u00een raionul Drochia, \u00een localit\u0103\u021bile \u0218uri \u0219i Drochia; 1 focar la porci domestici \u00een raionul Ialoveni, satul R\u0103zeni; 1 focar [\u2026]<\/div>\n","protected":false},"author":1,"featured_media":67518,"comment_status":"closed","ping_status":"closed","sticky":false,"template":"","format":"standard","meta":{"jnews-multi-image_gallery":[],"jnews_single_post":[],"jnews_primary_category":[],"jnews_social_meta":[],"jnews_override_counter":[],"footnotes":""},"categories":[30],"tags":[],"class_list":["post-67517","post","type-post","status-publish","format-standard","has-post-thumbnail","hentry","category-social_ro"],"_links":{"self":[{"href":"https:\/\/orheifm.live\/index.php\/wp-json\/wp\/v2\/posts\/67517","targetHints":{"allow":["GET"]}}],"collection":[{"href":"https:\/\/orheifm.live\/index.php\/wp-json\/wp\/v2\/posts"}],"about":[{"href":"https:\/\/orheifm.live\/index.php\/wp-json\/wp\/v2\/types\/post"}],"author":[{"embeddable":true,"href":"https:\/\/orheifm.live\/index.php\/wp-json\/wp\/v2\/users\/1"}],"replies":[{"embeddable":true,"href":"https:\/\/orheifm.live\/index.php\/wp-json\/wp\/v2\/comments?post=67517"}],"version-history":[{"count":0,"href":"https:\/\/orheifm.live\/index.php\/wp-json\/wp\/v2\/posts\/67517\/revisions"}],"wp:featuredmedia":[{"embeddable":true,"href":"https:\/\/orheifm.live\/index.php\/wp-json\/wp\/v2\/media\/67518"}],"wp:attachment":[{"href":"https:\/\/orheifm.live\/index.php\/wp-json\/wp\/v2\/media?parent=67517"}],"wp:term":[{"taxonomy":"category","embeddable":true,"href":"https:\/\/orheifm.live\/index.php\/wp-json\/wp\/v2\/categories?post=67517"},{"taxonomy":"post_tag","embeddable":true,"href":"https:\/\/orheifm.live\/index.php\/wp-json\/wp\/v2\/tags?post=67517"}],"curies":[{"name":"wp","href":"https:\/\/api.w.org\/{rel}","templated":true}]}}