{"id":67509,"date":"2025-02-20T12:40:41","date_gmt":"2025-02-20T10:40:41","guid":{"rendered":"https:\/\/orheifm.live\/index.php\/2025\/02\/20\/nou-orar-pentru-autobuzul-nr-16-schimbari-in-circulatie-de-la-20-februarie\/"},"modified":"2025-02-20T12:40:41","modified_gmt":"2025-02-20T10:40:41","slug":"nou-orar-pentru-autobuzul-nr-16-schimbari-in-circulatie-de-la-20-februarie","status":"publish","type":"post","link":"https:\/\/orheifm.live\/index.php\/2025\/02\/20\/nou-orar-pentru-autobuzul-nr-16-schimbari-in-circulatie-de-la-20-februarie\/","title":{"rendered":"Nou orar pentru autobuzul nr. 16: Schimb\u0103ri \u00een circula\u021bie de la 20 februarie"},"content":{"rendered":"<div>\n<p><strong>Ruta de autobuz nr. 16 va circula dup\u0103 un grafic modificat, \u00eencep\u00e2nd cu data de 20 februarie, anun\u021b\u0103 Parcul Urban de Autobuze. Vezi mai jos noul orar de circula\u021bie.<\/strong><br \/>\n<strong>\u201e\u00cen aten\u021bia c\u0103l\u0103torilor!<\/strong><\/p>\n<p>\u00cencep\u00e2nd cu data de 20.02.2025 vor fi operate modific\u0103ri \u00een orarul de circula\u021bie al rutei suburbane de autobuz nr. 16 \u201estr. H. Coand\u0103 \u2013 or. Vatra\u201d, \u00een zilele de lucru.Pentru informa\u021bii suplimentare pute\u021bi apela dispeceratul PUA 022 837 317 \/ 022\u201d, men\u021bioneaz\u0103 Parcul Urban de Autobuze.<\/p>\n<\/div>\n","protected":false},"excerpt":{"rendered":"<div><img loading=\"lazy\" decoding=\"async\" width=\"696\" height=\"392\" src=\"https:\/\/canal5.md\/wp-content\/uploads\/2025\/02\/37bf99fe568b10742891ee6383ba1d2e981684589cb5d26c29d32639777683fe-optimized.png\" class=\"attachment-large size-large wp-post-image\" alt=\"\" srcset=\"https:\/\/canal5.md\/wp-content\/uploads\/2025\/02\/37bf99fe568b10742891ee6383ba1d2e981684589cb5d26c29d32639777683fe-optimized.png 800w, https:\/\/canal5.md\/wp-content\/uploads\/2025\/02\/37bf99fe568b10742891ee6383ba1d2e981684589cb5d26c29d32639777683fe-300x169-optimized.png 300w, https:\/\/canal5.md\/wp-content\/uploads\/2025\/02\/37bf99fe568b10742891ee6383ba1d2e981684589cb5d26c29d32639777683fe-768x432-optimized.png 768w, https:\/\/canal5.md\/wp-content\/uploads\/2025\/02\/37bf99fe568b10742891ee6383ba1d2e981684589cb5d26c29d32639777683fe-696x392-optimized.png 696w\">Ruta de autobuz nr. 16 va circula dup\u0103 un grafic modificat, \u00eencep\u00e2nd cu data de 20 februarie, anun\u021b\u0103 Parcul Urban de Autobuze. Vezi mai jos noul orar de circula\u021bie. \u201e\u00cen aten\u021bia c\u0103l\u0103torilor! \u00cencep\u00e2nd cu data de 20.02.2025 vor fi operate modific\u0103ri \u00een orarul de circula\u021bie al rutei suburbane de autobuz nr. 16 \u201estr. H. Coand\u0103 [\u2026]<\/div>\n","protected":false},"author":1,"featured_media":67510,"comment_status":"closed","ping_status":"closed","sticky":false,"template":"","format":"standard","meta":{"jnews-multi-image_gallery":[],"jnews_single_post":[],"jnews_primary_category":[],"jnews_social_meta":[],"jnews_override_counter":[],"footnotes":""},"categories":[30],"tags":[],"class_list":["post-67509","post","type-post","status-publish","format-standard","has-post-thumbnail","hentry","category-social_ro"],"_links":{"self":[{"href":"https:\/\/orheifm.live\/index.php\/wp-json\/wp\/v2\/posts\/67509","targetHints":{"allow":["GET"]}}],"collection":[{"href":"https:\/\/orheifm.live\/index.php\/wp-json\/wp\/v2\/posts"}],"about":[{"href":"https:\/\/orheifm.live\/index.php\/wp-json\/wp\/v2\/types\/post"}],"author":[{"embeddable":true,"href":"https:\/\/orheifm.live\/index.php\/wp-json\/wp\/v2\/users\/1"}],"replies":[{"embeddable":true,"href":"https:\/\/orheifm.live\/index.php\/wp-json\/wp\/v2\/comments?post=67509"}],"version-history":[{"count":0,"href":"https:\/\/orheifm.live\/index.php\/wp-json\/wp\/v2\/posts\/67509\/revisions"}],"wp:featuredmedia":[{"embeddable":true,"href":"https:\/\/orheifm.live\/index.php\/wp-json\/wp\/v2\/media\/67510"}],"wp:attachment":[{"href":"https:\/\/orheifm.live\/index.php\/wp-json\/wp\/v2\/media?parent=67509"}],"wp:term":[{"taxonomy":"category","embeddable":true,"href":"https:\/\/orheifm.live\/index.php\/wp-json\/wp\/v2\/categories?post=67509"},{"taxonomy":"post_tag","embeddable":true,"href":"https:\/\/orheifm.live\/index.php\/wp-json\/wp\/v2\/tags?post=67509"}],"curies":[{"name":"wp","href":"https:\/\/api.w.org\/{rel}","templated":true}]}}