{"id":67507,"date":"2025-02-20T12:20:39","date_gmt":"2025-02-20T10:20:39","guid":{"rendered":"https:\/\/orheifm.live\/index.php\/2025\/02\/20\/facebook-va-elimina-live-urile-vechi-de-o-luna-ce-trebuie-sa-stie-utilizatorii\/"},"modified":"2025-02-20T12:20:39","modified_gmt":"2025-02-20T10:20:39","slug":"facebook-va-elimina-live-urile-vechi-de-o-luna-ce-trebuie-sa-stie-utilizatorii","status":"publish","type":"post","link":"https:\/\/orheifm.live\/index.php\/2025\/02\/20\/facebook-va-elimina-live-urile-vechi-de-o-luna-ce-trebuie-sa-stie-utilizatorii\/","title":{"rendered":"Facebook va elimina live-urile vechi de o lun\u0103: Ce trebuie s\u0103 \u0219tie utilizatorii"},"content":{"rendered":"<div>\n<p><strong>Meta anun\u021b\u0103 o cur\u0103\u021benie major\u0103 pe Facebook, viz\u00e2nd \u00een special transmisiunile live mai vechi. \u00cencep\u00e2nd cu 19 februarie, platforma va \u0219terge automat toate transmisiunile live care au dep\u0103\u0219it 30 de zile. <\/strong><\/p>\n<p>Utilizatorii care doresc s\u0103 p\u0103streze aceste clipuri trebuie s\u0103 le descarce sau s\u0103 le salveze \u00eentr-un alt loc. Dup\u0103 anun\u021bul oficial, utilizatorii vor avea 30 de zile pentru a desc\u0103rca videoclipurile recente, iar live-urile mai vechi de 30 de zile vor fi \u0219terse treptat.<\/p>\n<p>Pentru a salva con\u021binutul, utilizatorii pot:<\/p>\n<ul>\n<li>Desc\u0103rca videoclipurile direct din profil sau din sec\u021biunea Meta Business Suite;<\/li>\n<li>Exporta clipurile \u00een Dropbox sau Google Drive folosind instrumentele oficiale ale Facebook;<\/li>\n<li>Partaja live-urile sub form\u0103 de Reels, cu o durat\u0103 de maxim 90 de secunde.<\/li>\n<\/ul>\n<p>Meta va trimite notific\u0103ri utilizatorilor afecta\u021bi, oferindu-le 90 de zile pentru a salva videoclipurile \u00eenainte de \u0219tergerea complet\u0103. De asemenea, utilizatorii pot solicita o am\u00e2nare de \u0219ase luni pentru a extinde accesul la arhiva lor.<\/p>\n<p>Compania justific\u0103 aceast\u0103 decizie prin faptul c\u0103 \u201emajoritatea vizion\u0103rilor live au loc \u00een primele s\u0103pt\u0103m\u00e2ni de la difuzare\u201d \u0219i c\u0103 stocarea videoclipurilor mai vechi ocup\u0103 spa\u021biu inutil pe platform\u0103, aliniind politica de stocare la standardele industriei.<\/p>\n<\/div>\n","protected":false},"excerpt":{"rendered":"<div><img loading=\"lazy\" decoding=\"async\" width=\"696\" height=\"458\" src=\"https:\/\/canal5.md\/wp-content\/uploads\/2025\/02\/799023-optimized.webp\" class=\"attachment-large size-large wp-post-image\" alt=\"\" srcset=\"https:\/\/canal5.md\/wp-content\/uploads\/2025\/02\/799023-optimized.webp 760w, https:\/\/canal5.md\/wp-content\/uploads\/2025\/02\/799023-300x197-optimized.webp 300w, https:\/\/canal5.md\/wp-content\/uploads\/2025\/02\/799023-696x458-optimized.webp 696w\">Meta anun\u021b\u0103 o cur\u0103\u021benie major\u0103 pe Facebook, viz\u00e2nd \u00een special transmisiunile live mai vechi. \u00cencep\u00e2nd cu 19 februarie, platforma va \u0219terge automat toate transmisiunile live care au dep\u0103\u0219it 30 de zile. Utilizatorii care doresc s\u0103 p\u0103streze aceste clipuri trebuie s\u0103 le descarce sau s\u0103 le salveze \u00eentr-un alt loc. Dup\u0103 anun\u021bul oficial, utilizatorii vor avea [\u2026]<\/div>\n","protected":false},"author":1,"featured_media":67508,"comment_status":"closed","ping_status":"closed","sticky":false,"template":"","format":"standard","meta":{"jnews-multi-image_gallery":[],"jnews_single_post":[],"jnews_primary_category":[],"jnews_social_meta":[],"jnews_override_counter":[],"footnotes":""},"categories":[29],"tags":[],"class_list":["post-67507","post","type-post","status-publish","format-standard","has-post-thumbnail","hentry","category-externe_ro"],"_links":{"self":[{"href":"https:\/\/orheifm.live\/index.php\/wp-json\/wp\/v2\/posts\/67507","targetHints":{"allow":["GET"]}}],"collection":[{"href":"https:\/\/orheifm.live\/index.php\/wp-json\/wp\/v2\/posts"}],"about":[{"href":"https:\/\/orheifm.live\/index.php\/wp-json\/wp\/v2\/types\/post"}],"author":[{"embeddable":true,"href":"https:\/\/orheifm.live\/index.php\/wp-json\/wp\/v2\/users\/1"}],"replies":[{"embeddable":true,"href":"https:\/\/orheifm.live\/index.php\/wp-json\/wp\/v2\/comments?post=67507"}],"version-history":[{"count":0,"href":"https:\/\/orheifm.live\/index.php\/wp-json\/wp\/v2\/posts\/67507\/revisions"}],"wp:featuredmedia":[{"embeddable":true,"href":"https:\/\/orheifm.live\/index.php\/wp-json\/wp\/v2\/media\/67508"}],"wp:attachment":[{"href":"https:\/\/orheifm.live\/index.php\/wp-json\/wp\/v2\/media?parent=67507"}],"wp:term":[{"taxonomy":"category","embeddable":true,"href":"https:\/\/orheifm.live\/index.php\/wp-json\/wp\/v2\/categories?post=67507"},{"taxonomy":"post_tag","embeddable":true,"href":"https:\/\/orheifm.live\/index.php\/wp-json\/wp\/v2\/tags?post=67507"}],"curies":[{"name":"wp","href":"https:\/\/api.w.org\/{rel}","templated":true}]}}