{"id":67503,"date":"2025-02-20T11:20:41","date_gmt":"2025-02-20T09:20:41","guid":{"rendered":"https:\/\/orheifm.live\/index.php\/2025\/02\/20\/agresiune-inscenata-pentru-vizualizari-pe-retelele-sociale-sapte-tineri-identificati\/"},"modified":"2025-02-20T11:20:41","modified_gmt":"2025-02-20T09:20:41","slug":"agresiune-inscenata-pentru-vizualizari-pe-retelele-sociale-sapte-tineri-identificati","status":"publish","type":"post","link":"https:\/\/orheifm.live\/index.php\/2025\/02\/20\/agresiune-inscenata-pentru-vizualizari-pe-retelele-sociale-sapte-tineri-identificati\/","title":{"rendered":"Agresiune \u00eenscenat\u0103 pentru vizualiz\u0103ri pe re\u021belele sociale: \u0218apte tineri identifica\u021bi"},"content":{"rendered":"<div>\n<p><strong>\u00cen seara zilei de 18 februarie, pe re\u021belele de socializare a ap\u0103rut o transmisiune live \u00een care mai mul\u021bi tineri agresau fizic un alt t\u00e2n\u0103r. <\/strong><\/p>\n<p>Poli\u021bia s-a autosesizat \u0219i a \u00eenceput verific\u0103rile pentru identificarea celor implica\u021bi \u0219i stabilirea circumstan\u021belor. Astfel, au fost identifica\u021bi \u0219apte tineri cu v\u00e2rste \u00eentre 15 \u0219i 20 de ani, care au declarat c\u0103 agresiunea a fost \u00eenscenat\u0103 pentru a atrage vizualiz\u0103ri \u0219i aprecieri pe o re\u021bea de socializare.<\/p>\n<p>\u00cen urma anchetei, \u0219ase dintre tineri au fost sanc\u021biona\u021bi pentru huliganism, iar p\u0103rin\u021bii minorului de 15 ani au fost amenda\u021bi pentru \u201ene\u00eendeplinirea obliga\u021biilor de \u00eentre\u021binere \u0219i educare a copilului\u201d, iar autorit\u0103\u021bile tutelare au fost sesizate.<\/p>\n<p>Poli\u021bia a f\u0103cut un apel c\u0103tre p\u0103rin\u021bi s\u0103 discute cu copiii lor despre pericolele expunerii unor imagini de acest tip, care pot \u00eencuraja comportamente d\u0103un\u0103toare \u0219i pot contribui la cre\u0219terea cazurilor de bullying.<\/p>\n<\/div>\n","protected":false},"excerpt":{"rendered":"<div><img loading=\"lazy\" decoding=\"async\" width=\"696\" height=\"392\" src=\"https:\/\/canal5.md\/wp-content\/uploads\/2025\/02\/fe39b866904bf4e90271bf214069a547-optimized.jpg\" class=\"attachment-large size-large wp-post-image\" alt=\"\" srcset=\"https:\/\/canal5.md\/wp-content\/uploads\/2025\/02\/fe39b866904bf4e90271bf214069a547-optimized.jpg 809w, https:\/\/canal5.md\/wp-content\/uploads\/2025\/02\/fe39b866904bf4e90271bf214069a547-300x169-optimized.jpg 300w, https:\/\/canal5.md\/wp-content\/uploads\/2025\/02\/fe39b866904bf4e90271bf214069a547-768x433-optimized.jpg 768w, https:\/\/canal5.md\/wp-content\/uploads\/2025\/02\/fe39b866904bf4e90271bf214069a547-696x392-optimized.jpg 696w\">\u00cen seara zilei de 18 februarie, pe re\u021belele de socializare a ap\u0103rut o transmisiune live \u00een care mai mul\u021bi tineri agresau fizic un alt t\u00e2n\u0103r. Poli\u021bia s-a autosesizat \u0219i a \u00eenceput verific\u0103rile pentru identificarea celor implica\u021bi \u0219i stabilirea circumstan\u021belor. Astfel, au fost identifica\u021bi \u0219apte tineri cu v\u00e2rste \u00eentre 15 \u0219i 20 de ani, care au [\u2026]<\/div>\n","protected":false},"author":1,"featured_media":67504,"comment_status":"closed","ping_status":"closed","sticky":false,"template":"","format":"standard","meta":{"jnews-multi-image_gallery":[],"jnews_single_post":[],"jnews_primary_category":[],"jnews_social_meta":[],"jnews_override_counter":[],"footnotes":""},"categories":[30],"tags":[],"class_list":["post-67503","post","type-post","status-publish","format-standard","has-post-thumbnail","hentry","category-social_ro"],"_links":{"self":[{"href":"https:\/\/orheifm.live\/index.php\/wp-json\/wp\/v2\/posts\/67503","targetHints":{"allow":["GET"]}}],"collection":[{"href":"https:\/\/orheifm.live\/index.php\/wp-json\/wp\/v2\/posts"}],"about":[{"href":"https:\/\/orheifm.live\/index.php\/wp-json\/wp\/v2\/types\/post"}],"author":[{"embeddable":true,"href":"https:\/\/orheifm.live\/index.php\/wp-json\/wp\/v2\/users\/1"}],"replies":[{"embeddable":true,"href":"https:\/\/orheifm.live\/index.php\/wp-json\/wp\/v2\/comments?post=67503"}],"version-history":[{"count":0,"href":"https:\/\/orheifm.live\/index.php\/wp-json\/wp\/v2\/posts\/67503\/revisions"}],"wp:featuredmedia":[{"embeddable":true,"href":"https:\/\/orheifm.live\/index.php\/wp-json\/wp\/v2\/media\/67504"}],"wp:attachment":[{"href":"https:\/\/orheifm.live\/index.php\/wp-json\/wp\/v2\/media?parent=67503"}],"wp:term":[{"taxonomy":"category","embeddable":true,"href":"https:\/\/orheifm.live\/index.php\/wp-json\/wp\/v2\/categories?post=67503"},{"taxonomy":"post_tag","embeddable":true,"href":"https:\/\/orheifm.live\/index.php\/wp-json\/wp\/v2\/tags?post=67503"}],"curies":[{"name":"wp","href":"https:\/\/api.w.org\/{rel}","templated":true}]}}