{"id":67499,"date":"2025-02-20T10:45:25","date_gmt":"2025-02-20T08:45:25","guid":{"rendered":"https:\/\/orheifm.live\/index.php\/2025\/02\/20\/tragedii-in-trei-localitati-din-moldova-trei-persoane-decedate-in-incendii\/"},"modified":"2025-02-20T10:45:25","modified_gmt":"2025-02-20T08:45:25","slug":"tragedii-in-trei-localitati-din-moldova-trei-persoane-decedate-in-incendii","status":"publish","type":"post","link":"https:\/\/orheifm.live\/index.php\/2025\/02\/20\/tragedii-in-trei-localitati-din-moldova-trei-persoane-decedate-in-incendii\/","title":{"rendered":"Tragedii \u00een trei localit\u0103\u021bi din Moldova: Trei persoane decedate \u00een incendii"},"content":{"rendered":"<div>\n<p><strong>Primele tragedii au fost \u00eenregistrate pe 19 februarie, \u00een diminea\u021ba zilei, \u00een mai multe localit\u0103\u021bi din Republica Moldova.<\/strong><\/p>\n<p>\u00cen jurul orei 06:15, \u00een localitatea B\u0103l\u0103b\u0103ne\u0219ti, raionul Criuleni, a fost descoperit cadavrul carbonizat al unui b\u0103rbat de 56 de ani. Acesta a fost g\u0103sit de un vecin, dup\u0103 ce casa i-a fost cuprins\u0103 de fl\u0103c\u0103ri, iar focul a fost stins de localnici \u00eenainte ca pompierii s\u0103 ajung\u0103 la fa\u021ba locului.<\/p>\n<p>La c\u00e2teva minute dup\u0103 aceea, \u00een jurul orei 07:35, \u00een localitatea Cob\u00eelea, raionul \u0218old\u0103ne\u0219ti, un b\u0103rbat a alertat autorit\u0103\u021bile dup\u0103 ce \u00eentr-o anex\u0103 a casei vecinilor, cuprins\u0103 de fl\u0103c\u0103ri, a fost g\u0103sit cadavrul carbonizat al unei femei de 81 de ani, proprietara locuin\u021bei.<\/p>\n<p>O alt\u0103 tragedie a avut loc \u00een jurul orei 08:40, \u00een ora\u0219ul H\u00eence\u0219ti, pe strada \u0218tefan cel Mare, unde a fost descoperit cadavrul unui b\u0103rbat de 74 de ani \u00eentr-o locuin\u021b\u0103 afectat\u0103 de un incendiu care s-ar fi stins de la sine. Se presupune c\u0103 b\u0103rbatul s-ar fi intoxicat cu monoxid de carbon, de\u0219i corpul s\u0103u a fost par\u021bial afectat de fl\u0103c\u0103ri.<\/p>\n<p>Oamenii legii investigheaz\u0103 aceste tragedii pentru a stabili toate circumstan\u021bele \u00een care s-au produs.<\/p>\n<\/div>\n","protected":false},"excerpt":{"rendered":"<div><img loading=\"lazy\" decoding=\"async\" width=\"696\" height=\"392\" src=\"https:\/\/canal5.md\/wp-content\/uploads\/2025\/02\/3adcb8d32ad84dc1588ad60053bcd54c00051d2a2cca14da4108bed9033ee513-1024x576-optimized.png\" class=\"attachment-large size-large wp-post-image\" alt=\"\" srcset=\"https:\/\/canal5.md\/wp-content\/uploads\/2025\/02\/3adcb8d32ad84dc1588ad60053bcd54c00051d2a2cca14da4108bed9033ee513-1024x576-optimized.png 1024w, https:\/\/canal5.md\/wp-content\/uploads\/2025\/02\/3adcb8d32ad84dc1588ad60053bcd54c00051d2a2cca14da4108bed9033ee513-300x169-optimized.png 300w, https:\/\/canal5.md\/wp-content\/uploads\/2025\/02\/3adcb8d32ad84dc1588ad60053bcd54c00051d2a2cca14da4108bed9033ee513-768x432-optimized.png 768w, https:\/\/canal5.md\/wp-content\/uploads\/2025\/02\/3adcb8d32ad84dc1588ad60053bcd54c00051d2a2cca14da4108bed9033ee513-696x392-optimized.png 696w, https:\/\/canal5.md\/wp-content\/uploads\/2025\/02\/3adcb8d32ad84dc1588ad60053bcd54c00051d2a2cca14da4108bed9033ee513-1068x601-optimized.png 1068w, https:\/\/canal5.md\/wp-content\/uploads\/2025\/02\/3adcb8d32ad84dc1588ad60053bcd54c00051d2a2cca14da4108bed9033ee513-optimized.png 1200w\">Primele tragedii au fost \u00eenregistrate pe 19 februarie, \u00een diminea\u021ba zilei, \u00een mai multe localit\u0103\u021bi din Republica Moldova. \u00cen jurul orei 06:15, \u00een localitatea B\u0103l\u0103b\u0103ne\u0219ti, raionul Criuleni, a fost descoperit cadavrul carbonizat al unui b\u0103rbat de 56 de ani. Acesta a fost g\u0103sit de un vecin, dup\u0103 ce casa i-a fost cuprins\u0103 de fl\u0103c\u0103ri, iar [\u2026]<\/div>\n","protected":false},"author":1,"featured_media":67500,"comment_status":"closed","ping_status":"closed","sticky":false,"template":"","format":"standard","meta":{"jnews-multi-image_gallery":[],"jnews_single_post":[],"jnews_primary_category":[],"jnews_social_meta":[],"jnews_override_counter":[],"footnotes":""},"categories":[30],"tags":[],"class_list":["post-67499","post","type-post","status-publish","format-standard","has-post-thumbnail","hentry","category-social_ro"],"_links":{"self":[{"href":"https:\/\/orheifm.live\/index.php\/wp-json\/wp\/v2\/posts\/67499","targetHints":{"allow":["GET"]}}],"collection":[{"href":"https:\/\/orheifm.live\/index.php\/wp-json\/wp\/v2\/posts"}],"about":[{"href":"https:\/\/orheifm.live\/index.php\/wp-json\/wp\/v2\/types\/post"}],"author":[{"embeddable":true,"href":"https:\/\/orheifm.live\/index.php\/wp-json\/wp\/v2\/users\/1"}],"replies":[{"embeddable":true,"href":"https:\/\/orheifm.live\/index.php\/wp-json\/wp\/v2\/comments?post=67499"}],"version-history":[{"count":0,"href":"https:\/\/orheifm.live\/index.php\/wp-json\/wp\/v2\/posts\/67499\/revisions"}],"wp:featuredmedia":[{"embeddable":true,"href":"https:\/\/orheifm.live\/index.php\/wp-json\/wp\/v2\/media\/67500"}],"wp:attachment":[{"href":"https:\/\/orheifm.live\/index.php\/wp-json\/wp\/v2\/media?parent=67499"}],"wp:term":[{"taxonomy":"category","embeddable":true,"href":"https:\/\/orheifm.live\/index.php\/wp-json\/wp\/v2\/categories?post=67499"},{"taxonomy":"post_tag","embeddable":true,"href":"https:\/\/orheifm.live\/index.php\/wp-json\/wp\/v2\/tags?post=67499"}],"curies":[{"name":"wp","href":"https:\/\/api.w.org\/{rel}","templated":true}]}}