{"id":67497,"date":"2025-02-20T10:25:27","date_gmt":"2025-02-20T08:25:27","guid":{"rendered":"https:\/\/orheifm.live\/index.php\/2025\/02\/20\/doi-ucraineni-retinuti-in-moldova-pentru-incercarea-de-a-traversa-ilegal-granita\/"},"modified":"2025-02-20T10:25:27","modified_gmt":"2025-02-20T08:25:27","slug":"doi-ucraineni-retinuti-in-moldova-pentru-incercarea-de-a-traversa-ilegal-granita","status":"publish","type":"post","link":"https:\/\/orheifm.live\/index.php\/2025\/02\/20\/doi-ucraineni-retinuti-in-moldova-pentru-incercarea-de-a-traversa-ilegal-granita\/","title":{"rendered":"Doi ucraineni re\u021binu\u021bi \u00een Moldova pentru \u00eencercarea de a traversa ilegal grani\u021ba"},"content":{"rendered":"<div>\n<p><strong>Doi b\u0103rba\u021bi ucraineni, care \u00eencercau s\u0103 fug\u0103 din \u021bara lor din cauza r\u0103zboiului, au fost re\u021binu\u021bi de poli\u021bi\u0219tii de frontier\u0103 moldoveni. Potrivit autorit\u0103\u021bilor, cei doi ar fi fost ghida\u021bi de un moldovean, care le-ar fi organizat trecerea ilegal\u0103 a grani\u021bei \u00een schimbul sumei de 2 000 de dolari.<\/strong><\/p>\n<p>Conform legisla\u021biei ucrainene, b\u0103rba\u021bii ap\u021bi de lupt\u0103 nu au dreptul s\u0103 p\u0103r\u0103seasc\u0103 Ucraina pe perioada conflictului militar. Autorit\u0103\u021bile au stabilit c\u0103 cei doi ucraineni, de 25 \u0219i 54 de ani, au \u00eencercat s\u0103 traverseze grani\u021ba din acest motiv. Ace\u0219tia au fost opri\u021bi de inspectorii de patrulare mobil\u0103 ai Poli\u021biei de Frontier\u0103 Troi\u021bkoe, la aproximativ patru kilometri de linia de frontier\u0103.<\/p>\n<p>To\u021bi trei b\u0103rba\u021bi au fost re\u021binu\u021bi, iar cet\u0103\u021beanului moldovean i s-a deschis un dosar penal pentru organizarea migra\u021biei ilegale. Acesta a fost plasat \u00een arest preventiv pentru 30 de zile, iar ancheta continu\u0103, fiind coordonat\u0103 de Procuratura raionului C\u0103u\u0219eni.<\/p>\n<\/div>\n","protected":false},"excerpt":{"rendered":"<div><img loading=\"lazy\" decoding=\"async\" width=\"696\" height=\"392\" src=\"https:\/\/canal5.md\/wp-content\/uploads\/2025\/02\/a3298cfccda5611cf19067b504cf16158521011c1025b5d2d6c39dc578d89491-1024x576-optimized.png\" class=\"attachment-large size-large wp-post-image\" alt=\"\" srcset=\"https:\/\/canal5.md\/wp-content\/uploads\/2025\/02\/a3298cfccda5611cf19067b504cf16158521011c1025b5d2d6c39dc578d89491-1024x576-optimized.png 1024w, https:\/\/canal5.md\/wp-content\/uploads\/2025\/02\/a3298cfccda5611cf19067b504cf16158521011c1025b5d2d6c39dc578d89491-300x169-optimized.png 300w, https:\/\/canal5.md\/wp-content\/uploads\/2025\/02\/a3298cfccda5611cf19067b504cf16158521011c1025b5d2d6c39dc578d89491-768x432-optimized.png 768w, https:\/\/canal5.md\/wp-content\/uploads\/2025\/02\/a3298cfccda5611cf19067b504cf16158521011c1025b5d2d6c39dc578d89491-696x392-optimized.png 696w, https:\/\/canal5.md\/wp-content\/uploads\/2025\/02\/a3298cfccda5611cf19067b504cf16158521011c1025b5d2d6c39dc578d89491-1068x601-optimized.png 1068w, https:\/\/canal5.md\/wp-content\/uploads\/2025\/02\/a3298cfccda5611cf19067b504cf16158521011c1025b5d2d6c39dc578d89491-optimized.png 1200w\">Doi b\u0103rba\u021bi ucraineni, care \u00eencercau s\u0103 fug\u0103 din \u021bara lor din cauza r\u0103zboiului, au fost re\u021binu\u021bi de poli\u021bi\u0219tii de frontier\u0103 moldoveni. Potrivit autorit\u0103\u021bilor, cei doi ar fi fost ghida\u021bi de un moldovean, care le-ar fi organizat trecerea ilegal\u0103 a grani\u021bei \u00een schimbul sumei de 2 000 de dolari. Conform legisla\u021biei ucrainene, b\u0103rba\u021bii ap\u021bi de lupt\u0103 [\u2026]<\/div>\n","protected":false},"author":1,"featured_media":67498,"comment_status":"closed","ping_status":"closed","sticky":false,"template":"","format":"standard","meta":{"jnews-multi-image_gallery":[],"jnews_single_post":[],"jnews_primary_category":[],"jnews_social_meta":[],"jnews_override_counter":[],"footnotes":""},"categories":[30],"tags":[],"class_list":["post-67497","post","type-post","status-publish","format-standard","has-post-thumbnail","hentry","category-social_ro"],"_links":{"self":[{"href":"https:\/\/orheifm.live\/index.php\/wp-json\/wp\/v2\/posts\/67497","targetHints":{"allow":["GET"]}}],"collection":[{"href":"https:\/\/orheifm.live\/index.php\/wp-json\/wp\/v2\/posts"}],"about":[{"href":"https:\/\/orheifm.live\/index.php\/wp-json\/wp\/v2\/types\/post"}],"author":[{"embeddable":true,"href":"https:\/\/orheifm.live\/index.php\/wp-json\/wp\/v2\/users\/1"}],"replies":[{"embeddable":true,"href":"https:\/\/orheifm.live\/index.php\/wp-json\/wp\/v2\/comments?post=67497"}],"version-history":[{"count":0,"href":"https:\/\/orheifm.live\/index.php\/wp-json\/wp\/v2\/posts\/67497\/revisions"}],"wp:featuredmedia":[{"embeddable":true,"href":"https:\/\/orheifm.live\/index.php\/wp-json\/wp\/v2\/media\/67498"}],"wp:attachment":[{"href":"https:\/\/orheifm.live\/index.php\/wp-json\/wp\/v2\/media?parent=67497"}],"wp:term":[{"taxonomy":"category","embeddable":true,"href":"https:\/\/orheifm.live\/index.php\/wp-json\/wp\/v2\/categories?post=67497"},{"taxonomy":"post_tag","embeddable":true,"href":"https:\/\/orheifm.live\/index.php\/wp-json\/wp\/v2\/tags?post=67497"}],"curies":[{"name":"wp","href":"https:\/\/api.w.org\/{rel}","templated":true}]}}