{"id":67495,"date":"2025-02-20T09:48:18","date_gmt":"2025-02-20T07:48:18","guid":{"rendered":"https:\/\/orheifm.live\/index.php\/2025\/02\/20\/tragedie-in-purcari-un-tanar-de-28-de-ani-si-a-pus-capat-zilelor\/"},"modified":"2025-02-20T09:48:18","modified_gmt":"2025-02-20T07:48:18","slug":"tragedie-in-purcari-un-tanar-de-28-de-ani-si-a-pus-capat-zilelor","status":"publish","type":"post","link":"https:\/\/orheifm.live\/index.php\/2025\/02\/20\/tragedie-in-purcari-un-tanar-de-28-de-ani-si-a-pus-capat-zilelor\/","title":{"rendered":"Tragedie \u00een Purcari: Un t\u00e2n\u0103r de 28 de ani \u0219i-a pus cap\u0103t zilelor"},"content":{"rendered":"<div>\n<p data-pm-slice=\"1 1 []\"><strong>Un t\u00e2n\u0103r \u00een v\u00e2rst\u0103 de 28 de ani din localitatea Purcari, raionul \u0218tefan Vod\u0103, a fost g\u0103sit mort \u00een noaptea de ieri, \u00een jurul orei 00:30. <\/strong><\/p>\n<p data-pm-slice=\"1 1 []\"><strong>Potrivit surselor<a href=\"https:\/\/pulsmedia.md\/article\/73c0b2e8218ed8e4\/cadavrul-unui-tanar-gasit-spanzurat-la-stefan-voda.html\"> PulsMedia.MD,<\/a> cadavrul acestuia a fost descoperit sp\u00e2nzurat \u00een propria locuin\u021b\u0103 de c\u0103tre p\u0103rin\u021bii s\u0103i, care au fost cei care au alertat imediat autorit\u0103\u021bile despre tragedie.<\/strong><\/p>\n<p>La fa\u021ba locului a sosit un medic legist, care a examinat corpul victimei. \u00cen urma autopsiei preliminare, nu s-au g\u0103sit semne de moarte violent\u0103, ceea ce face ca anchetatorii s\u0103 suspecteze un caz de suicid.<\/p>\n<p>\u00cen acest context, oamenii legii consider\u0103 c\u0103 t\u00e2n\u0103rul ar fi recurs la acest gest extrem din motive \u00eenc\u0103 neclare.<\/p>\n<\/div>\n","protected":false},"excerpt":{"rendered":"<div><img loading=\"lazy\" decoding=\"async\" width=\"696\" height=\"392\" src=\"https:\/\/canal5.md\/wp-content\/uploads\/2025\/02\/e3e107071519848fcfb72531be607270560fd8cfd6c2ef2bb544f64215f82aa6-1024x576-optimized.jpg\" class=\"attachment-large size-large wp-post-image\" alt=\"\" srcset=\"https:\/\/canal5.md\/wp-content\/uploads\/2025\/02\/e3e107071519848fcfb72531be607270560fd8cfd6c2ef2bb544f64215f82aa6-1024x576-optimized.jpg 1024w, https:\/\/canal5.md\/wp-content\/uploads\/2025\/02\/e3e107071519848fcfb72531be607270560fd8cfd6c2ef2bb544f64215f82aa6-300x169-optimized.jpg 300w, https:\/\/canal5.md\/wp-content\/uploads\/2025\/02\/e3e107071519848fcfb72531be607270560fd8cfd6c2ef2bb544f64215f82aa6-768x432-optimized.jpg 768w, https:\/\/canal5.md\/wp-content\/uploads\/2025\/02\/e3e107071519848fcfb72531be607270560fd8cfd6c2ef2bb544f64215f82aa6-696x392-optimized.jpg 696w, https:\/\/canal5.md\/wp-content\/uploads\/2025\/02\/e3e107071519848fcfb72531be607270560fd8cfd6c2ef2bb544f64215f82aa6-1068x601-optimized.jpg 1068w, https:\/\/canal5.md\/wp-content\/uploads\/2025\/02\/e3e107071519848fcfb72531be607270560fd8cfd6c2ef2bb544f64215f82aa6-optimized.jpg 1200w\">Un t\u00e2n\u0103r \u00een v\u00e2rst\u0103 de 28 de ani din localitatea Purcari, raionul \u0218tefan Vod\u0103, a fost g\u0103sit mort \u00een noaptea de ieri, \u00een jurul orei 00:30. Potrivit surselor PulsMedia.MD, cadavrul acestuia a fost descoperit sp\u00e2nzurat \u00een propria locuin\u021b\u0103 de c\u0103tre p\u0103rin\u021bii s\u0103i, care au fost cei care au alertat imediat autorit\u0103\u021bile despre tragedie. La fa\u021ba [\u2026]<\/div>\n","protected":false},"author":1,"featured_media":67496,"comment_status":"closed","ping_status":"closed","sticky":false,"template":"","format":"standard","meta":{"jnews-multi-image_gallery":[],"jnews_single_post":[],"jnews_primary_category":[],"jnews_social_meta":[],"jnews_override_counter":[],"footnotes":""},"categories":[30],"tags":[],"class_list":["post-67495","post","type-post","status-publish","format-standard","has-post-thumbnail","hentry","category-social_ro"],"_links":{"self":[{"href":"https:\/\/orheifm.live\/index.php\/wp-json\/wp\/v2\/posts\/67495","targetHints":{"allow":["GET"]}}],"collection":[{"href":"https:\/\/orheifm.live\/index.php\/wp-json\/wp\/v2\/posts"}],"about":[{"href":"https:\/\/orheifm.live\/index.php\/wp-json\/wp\/v2\/types\/post"}],"author":[{"embeddable":true,"href":"https:\/\/orheifm.live\/index.php\/wp-json\/wp\/v2\/users\/1"}],"replies":[{"embeddable":true,"href":"https:\/\/orheifm.live\/index.php\/wp-json\/wp\/v2\/comments?post=67495"}],"version-history":[{"count":0,"href":"https:\/\/orheifm.live\/index.php\/wp-json\/wp\/v2\/posts\/67495\/revisions"}],"wp:featuredmedia":[{"embeddable":true,"href":"https:\/\/orheifm.live\/index.php\/wp-json\/wp\/v2\/media\/67496"}],"wp:attachment":[{"href":"https:\/\/orheifm.live\/index.php\/wp-json\/wp\/v2\/media?parent=67495"}],"wp:term":[{"taxonomy":"category","embeddable":true,"href":"https:\/\/orheifm.live\/index.php\/wp-json\/wp\/v2\/categories?post=67495"},{"taxonomy":"post_tag","embeddable":true,"href":"https:\/\/orheifm.live\/index.php\/wp-json\/wp\/v2\/tags?post=67495"}],"curies":[{"name":"wp","href":"https:\/\/api.w.org\/{rel}","templated":true}]}}