{"id":67493,"date":"2025-02-20T09:20:06","date_gmt":"2025-02-20T07:20:06","guid":{"rendered":"https:\/\/orheifm.live\/index.php\/2025\/02\/20\/vreme-rece-si-variabila-in-moldova-prognoza-pentru-urmatoarele-zile\/"},"modified":"2025-02-20T09:20:06","modified_gmt":"2025-02-20T07:20:06","slug":"vreme-rece-si-variabila-in-moldova-prognoza-pentru-urmatoarele-zile","status":"publish","type":"post","link":"https:\/\/orheifm.live\/index.php\/2025\/02\/20\/vreme-rece-si-variabila-in-moldova-prognoza-pentru-urmatoarele-zile\/","title":{"rendered":"Vreme rece \u0219i variabil\u0103 \u00een Moldova: prognoza pentru urm\u0103toarele zile"},"content":{"rendered":"<div>\n<p><strong>Ast\u0103zi, vremea \u00een Moldova va fi caracterizat\u0103 de temperaturi sc\u0103zute \u0219i condi\u021bii meteo variabile, cu alternan\u021be \u00eentre cer noros \u0219i perioade de \u00eenseninare. <\/strong><\/p>\n<p>\u00cen Chi\u0219in\u0103u, temperatura minim\u0103 din aceast\u0103 diminea\u021b\u0103 a fost de -4,9\u00b0C, iar p\u00e2n\u0103 la pr\u00e2nz, valorile termice vor cre\u0219te treptat, ajung\u00e2nd la -0,4\u00b0C. Cerul va fi variabil, iar probabilitatea de precipita\u021bii r\u0103m\u00e2ne sc\u0103zut\u0103.<\/p>\n<p>Pentru m\u00e2ine, \u00een Chi\u0219in\u0103u, se prognozeaz\u0103 un cer par\u021bial noros, cu temperaturi maxime de -1,8\u00b0C \u0219i minime de -7,5\u00b0C. Nu se a\u0219teapt\u0103 precipita\u021bii semnificative.<\/p>\n<p>Poim\u00e2ine, vremea va fi preponderent senin\u0103, cu o temperatur\u0103 maxim\u0103 de -1\u00b0C \u0219i minim\u0103 de -10\u00b0C, f\u0103r\u0103 precipita\u021bii prognozate.<\/p>\n<\/div>\n","protected":false},"excerpt":{"rendered":"<div><img loading=\"lazy\" decoding=\"async\" width=\"284\" height=\"177\" src=\"https:\/\/canal5.md\/wp-content\/uploads\/2025\/02\/images-4-1-optimized.jpg\" class=\"attachment-large size-large wp-post-image\" alt=\"\">Ast\u0103zi, vremea \u00een Moldova va fi caracterizat\u0103 de temperaturi sc\u0103zute \u0219i condi\u021bii meteo variabile, cu alternan\u021be \u00eentre cer noros \u0219i perioade de \u00eenseninare. \u00cen Chi\u0219in\u0103u, temperatura minim\u0103 din aceast\u0103 diminea\u021b\u0103 a fost de -4,9\u00b0C, iar p\u00e2n\u0103 la pr\u00e2nz, valorile termice vor cre\u0219te treptat, ajung\u00e2nd la -0,4\u00b0C. Cerul va fi variabil, iar probabilitatea de precipita\u021bii r\u0103m\u00e2ne [\u2026]<\/div>\n","protected":false},"author":1,"featured_media":67494,"comment_status":"closed","ping_status":"closed","sticky":false,"template":"","format":"standard","meta":{"jnews-multi-image_gallery":[],"jnews_single_post":[],"jnews_primary_category":[],"jnews_social_meta":[],"jnews_override_counter":[],"footnotes":""},"categories":[30],"tags":[],"class_list":["post-67493","post","type-post","status-publish","format-standard","has-post-thumbnail","hentry","category-social_ro"],"_links":{"self":[{"href":"https:\/\/orheifm.live\/index.php\/wp-json\/wp\/v2\/posts\/67493","targetHints":{"allow":["GET"]}}],"collection":[{"href":"https:\/\/orheifm.live\/index.php\/wp-json\/wp\/v2\/posts"}],"about":[{"href":"https:\/\/orheifm.live\/index.php\/wp-json\/wp\/v2\/types\/post"}],"author":[{"embeddable":true,"href":"https:\/\/orheifm.live\/index.php\/wp-json\/wp\/v2\/users\/1"}],"replies":[{"embeddable":true,"href":"https:\/\/orheifm.live\/index.php\/wp-json\/wp\/v2\/comments?post=67493"}],"version-history":[{"count":0,"href":"https:\/\/orheifm.live\/index.php\/wp-json\/wp\/v2\/posts\/67493\/revisions"}],"wp:featuredmedia":[{"embeddable":true,"href":"https:\/\/orheifm.live\/index.php\/wp-json\/wp\/v2\/media\/67494"}],"wp:attachment":[{"href":"https:\/\/orheifm.live\/index.php\/wp-json\/wp\/v2\/media?parent=67493"}],"wp:term":[{"taxonomy":"category","embeddable":true,"href":"https:\/\/orheifm.live\/index.php\/wp-json\/wp\/v2\/categories?post=67493"},{"taxonomy":"post_tag","embeddable":true,"href":"https:\/\/orheifm.live\/index.php\/wp-json\/wp\/v2\/tags?post=67493"}],"curies":[{"name":"wp","href":"https:\/\/api.w.org\/{rel}","templated":true}]}}