{"id":67491,"date":"2025-02-19T23:42:58","date_gmt":"2025-02-19T21:42:58","guid":{"rendered":"https:\/\/orheifm.live\/index.php\/2025\/02\/19\/jd-vance-il-avertizeaza-pe-zelenski-sa-nu-l-mai-vorbeasca-de-rau-pe-trump-este-un-mod-groaznic-de-a-trata-cu-aceasta-administratie\/"},"modified":"2025-02-19T23:42:58","modified_gmt":"2025-02-19T21:42:58","slug":"jd-vance-il-avertizeaza-pe-zelenski-sa-nu-l-mai-vorbeasca-de-rau-pe-trump-este-un-mod-groaznic-de-a-trata-cu-aceasta-administratie","status":"publish","type":"post","link":"https:\/\/orheifm.live\/index.php\/2025\/02\/19\/jd-vance-il-avertizeaza-pe-zelenski-sa-nu-l-mai-vorbeasca-de-rau-pe-trump-este-un-mod-groaznic-de-a-trata-cu-aceasta-administratie\/","title":{"rendered":"JD Vance \u00eel avertizeaz\u0103 pe Zelenski s\u0103 nu-l mai \u201evorbeasc\u0103 de r\u0103u\u201d pe Trump: \u201eEste un mod groaznic de a trata cu aceast\u0103 administra\u0163ie\u201d"},"content":{"rendered":"<div>\n<p><strong>Vicepre\u015fedintele american J.D. Vance l-a avertizat miercuri pe pre\u015fedintele ucrainean Volodimir Zelenski s\u0103 nu \u00eel \u201evorbeasc\u0103 de r\u0103u\u201d pe pre\u015fedintele Donald Trump, pentru c\u0103 nu va face dec\u00e2t s\u0103-l \u00eentoarc\u0103 \u00eempotriva sa. Vance a f\u0103cut acest comentariu \u00eentr-o discu\u0163ie cu DailyMail.com \u015fi cu The National Pulse, la c\u00e2teva ore dup\u0103 ce pre\u015fedintele ucrainean \u00eel acuzase pe Trump c\u0103 tr\u0103ie\u015fte \u00eentr-o \u201ebul\u0103 de dezinformare\u201d ruseasc\u0103. Vicepre\u015fedintele SUA \u015fi-a reluat criticile \u015fi la adresa \u201eprietenilor europeni\u201d, pentru c\u0103 nu \u00een\u0163eleg c\u0103 este important ca Ucraina s\u0103 organizeze alegeri preziden\u0163iale, confirm\u00e2nd c\u0103 aceast\u0103 condi\u0163ie este acum \u201epolitica SUA\u201d.<\/strong><\/p>\n<p>\u201eAceasta este politica pre\u015fedintelui Statelor Unite. Ea nu se bazeaz\u0103 pe dezinformarea rus\u0103. Se bazeaz\u0103 pe faptul c\u0103 Donald Trump, cred eu, \u015ftie multe despre geopolitic\u0103 \u015fi are o p\u0103rere foarte ferm\u0103, format\u0103 de foarte mult timp\u201d, a spus Vance \u00een interviul pentru Daily Mail, referindu-se la faptul c\u0103 Zelenski spusese c\u0103 Trump tr\u0103ie\u015fte \u00eentr-o \u201ebul\u0103 de dezinformare\u201d rus\u0103.<\/p>\n<p>\u201eEste evident c\u0103 iubim poporul ucrainean. Admir\u0103m curajul solda\u0163ilor, dar este evident c\u0103 noi credem c\u0103 acest r\u0103zboi trebuie s\u0103 se \u00eencheie rapid\u201d, a continuat Vance.<\/p>\n<p>\u201eIdeea c\u0103 Zelenski l-ar face pe pre\u015fedinte s\u0103 se r\u0103zg\u00e2ndeasc\u0103 vorbindu-l de r\u0103u \u00een presa public\u0103 \u2013 to\u0163i cei care \u00eel cunosc pe pre\u015fedinte v\u0103 vor spune c\u0103 este un mod groaznic de a trata cu aceast\u0103 administra\u0163ie\u201d, a atras aten\u0163ia Vance \u00een interviul acordat \u00een biroul s\u0103u din Aripa de Vest a Casei Albe, potrivit News.ro.<\/p>\n<p>Vance crede c\u0103 pre\u015fedintele ucrainean a primit \u201esfaturi proaste\u201d cu privire la modul de interac\u0163iune cu noua administra\u0163ie din SUA, \u00een timp ce \u00een ultimii trei ani i s-a spus c\u0103 \u00ee\u015fi poate permite orice. Zelenski s-a \u00eent\u00e2lnit s\u0103pt\u0103m\u00e2na trecut\u0103 cu Vance \u00een marja Conferin\u0163ei de Securitate de la Munchen.<\/p>\n<p>Dar pre\u015fedintele ucrainean s-a dezl\u0103n\u0163uit \u00een timpul unei conferin\u0163e de pres\u0103 miercuri diminea\u0163\u0103, la o zi dup\u0103 ce \u00eenal\u0163i oficiali americani \u015fi ru\u015fi s-au \u00eent\u00e2lnit \u00een Arabia Saudit\u0103 s\u0103 discute despre Ucraina, f\u0103r\u0103 ca Ucraina s\u0103 fie invitat\u0103.<\/p>\n<p>\u201eDin p\u0103cate, pre\u015fedintele Trump \u2013 am un mare respect pentru el ca lider al unei na\u0163iuni pentru care avem un mare respect, poporul american care ne sprijin\u0103 \u00eentotdeauna \u2013 tr\u0103ie\u015fte, din p\u0103cate, \u00eentr-o bul\u0103 a dezinform\u0103rii\u201d, a spus Zelenski. El a declarat c\u0103 este dreptul Americii s\u0103 discute chestiuni bilaterale, dar SUA l-au ajutat pe Putin \u201es\u0103 ias\u0103 din anii de izolare\u201d.<\/p>\n<p>Mar\u0163i seara, la o conferin\u0163\u0103 de pres\u0103 sus\u0163inut\u0103 la Mar-a-Lago, Trump a preluat teze ale lui Putin suger\u00e2nd c\u0103 Zelenski ar fi lipsit de legitimitate \u015fi ar trebui s\u0103 organizeze alegeri, rata sa de aprobare situ\u00e2ndu-se la patru procente, dup\u0103 cum a afirmat Trump. \u00cen acela\u015fi timp, el a declarat reporterilor c\u0103 Ucraina \u201enu ar fi trebuit s\u0103 \u00eenceap\u0103 niciodat\u0103\u201d r\u0103zboiul, de\u015fi r\u0103zboiul a fost declan\u015fat de invazia rus\u0103 din 24 februarie 2022. Miercuri, Trump a \u00een\u0103sprit tonul \u015fi l-a numit \u201edictator\u201d pe Volodimir Zelenski spun\u00e2nd c\u0103 pre\u015fedintele ucrainean trebuie s\u0103 ac\u0163ioneze rapid, dac\u0103 dore\u015fte ca Ucraina s\u0103 supravie\u0163uiasc\u0103 ca \u0163ar\u0103.<\/p>\n<p>Aceasta marcheaz\u0103 o ruptur\u0103 extraordinar\u0103 \u00een rela\u0163iile dintre Washington \u015fi Kiev. Limbajul extraordinar de ambele p\u0103r\u0163i vine \u00eentr-un moment critic al r\u0103zboiului dintre Ucraina \u015fi Rusia, \u00een timp ce Trump face presiuni pentru o rezolvare rapid\u0103 a conflictului, conchide The Daily Mail.<\/p>\n<p>J.D. Vance a transmis acela\u015fi mesaj de avertizare care \u00eel vizeaz\u0103 pe Zelenski \u015fi \u00eentr-un alt interviu \u201eexclusiv\u201d, acordat The National Pulse, o publica\u0163ie care nu face parte din presa \u201emainstream\u201d \u015fi se declar\u0103 independent\u0103, fiind condus\u0103 de un jurnalist apropiat liderului extremist britanic Nigel Farage.<\/p>\n<p>\u00cen acest interviu, Vance a descris abordarea lui Zelenski drept \u201eru\u015finoas\u0103\u201d \u015fi contraproductiv\u0103, subliniind c\u0103 astfel de tactici ar putea pune \u00een pericol rela\u0163ia Ucrainei cu aliatul s\u0103u cel mai important. \u201eZelenski prime\u015fte sfaturi foarte proaste \u015fi nu \u015ftiu de la cine\u201d, a repetat Vance. \u201eEl nu mai are de-a face cu Joe Biden \u015fi administra\u0163ia Biden. Are de-a face cu Donald Trump \u015fi cu administra\u0163ia Trump\u201d, a punctat el.<\/p>\n<p>\u201eAcesta nu este un mod bun de a trata cu pre\u015fedintele Trump\u201d, a mai spus Vance, relu\u00e2nd aceea\u015fi idee c\u0103 o astfel de strategie, de a-l critica public pe pre\u015fedintele Trump, ar putea avea exact efectul contrar. Vance a insistat c\u0103 obiectivul lui Trump este s\u0103 opreasc\u0103 r\u0103zboiul. \u201eZelenski trebuie s\u0103 ia asta \u00een serios. Alia\u0163ii no\u015ftri europeni trebuie s\u0103 ia asta \u00een serios. Acesta este obiectivul politicii administra\u0163iei.<\/p>\n<p>Nu-l ve\u0163i \u00eendep\u0103rta pe pre\u015fedinte de acest obiectiv. Nu-l ve\u0163i face s\u0103 se r\u0103zg\u00e2ndeasc\u0103, cu siguran\u0163\u0103 nu atac\u00e2ndu-l public \u00een mass-media\u201d, a avertizat vicepre\u015fedintele lui Trump. Pe de alt\u0103 parte, el a confirmat c\u0103 organizarea de alegeri \u00een Ucraina \u201eeste acum politica SUA\u201d, Vance preciz\u00e2nd c\u0103 Zelenski trebuie s\u0103 se supun\u0103 unui mandat democratic, dac\u0103 dore\u015fte s\u0103 aib\u0103 \u00een continuare legitimitate. \u201eCu siguran\u0163\u0103, asta i-ar oferi cea mai puternic\u0103 pozi\u0163ie\u201d, a r\u0103spuns Vance c\u00e2nd a fost \u00eentrebat dac\u0103 alegerile sunt necesare.<\/p>\n<p>\u201e\u015ei cred c\u0103 este un pic exagerat din partea unora dintre prietenii no\u015ftri europeni s\u0103 \u00eel atace pe Donald Trump pentru c\u0103 a sugerat c\u0103 Ucraina ar trebui s\u0103 aib\u0103 alegeri, c\u00e2nd ei spun c\u0103 acesta este un r\u0103zboi pentru democra\u0163ie. Cum po\u0163i s\u0103 ataci alegerile atunci c\u00e2nd \u00eentregul t\u0103u cadru pentru r\u0103zboiul din Ucraina este c\u0103 este un r\u0103zboi pentru democra\u0163ie?<\/p>\n<p>Cred c\u0103 este ridicol\u201d, a comentat JD Vance. \u201eIdeea c\u0103 nu po\u0163i avea alegeri \u00een mijlocul unui r\u0103zboi este, cred eu, o idee absurd\u0103. Iar pre\u015fedintele a spus foarte clar c\u0103 el crede c\u0103 acest lucru ar trebui s\u0103 se \u00eent\u00e2mple. Deci, \u015fti\u0163i, asta este politica american\u0103\u201d, a declarat JD Vance.<\/p>\n<p><a href=\"https:\/\/www.digi24.ro\/stiri\/externe\/jd-vance-il-avertizeaza-pe-zelenski-sa-nu-l-mai-vorbeasca-de-rau-pe-trump-este-un-mod-groaznic-de-a-trata-cu-aceasta-administratie-3127805\"><strong>Digi24.ro<\/strong><\/a><\/p>\n<\/div>\n","protected":false},"excerpt":{"rendered":"<div><img loading=\"lazy\" decoding=\"async\" width=\"696\" height=\"393\" src=\"https:\/\/canal5.md\/wp-content\/uploads\/2025\/02\/ad00y2exodk3otmxzgzmytc4mmi3njuymgfhytfkmmjmmq.thumb-1-optimized.jpg\" class=\"attachment-large size-large wp-post-image\" alt=\"\" srcset=\"https:\/\/canal5.md\/wp-content\/uploads\/2025\/02\/ad00y2exodk3otmxzgzmytc4mmi3njuymgfhytfkmmjmmq.thumb-1-optimized.jpg 780w, https:\/\/canal5.md\/wp-content\/uploads\/2025\/02\/ad00y2exodk3otmxzgzmytc4mmi3njuymgfhytfkmmjmmq.thumb-1-300x169-optimized.jpg 300w, https:\/\/canal5.md\/wp-content\/uploads\/2025\/02\/ad00y2exodk3otmxzgzmytc4mmi3njuymgfhytfkmmjmmq.thumb-1-768x433-optimized.jpg 768w, https:\/\/canal5.md\/wp-content\/uploads\/2025\/02\/ad00y2exodk3otmxzgzmytc4mmi3njuymgfhytfkmmjmmq.thumb-1-696x393-optimized.jpg 696w\">Vicepre\u015fedintele american J.D. Vance l-a avertizat miercuri pe pre\u015fedintele ucrainean Volodimir Zelenski s\u0103 nu \u00eel \u201evorbeasc\u0103 de r\u0103u\u201d pe pre\u015fedintele Donald Trump, pentru c\u0103 nu va face dec\u00e2t s\u0103-l \u00eentoarc\u0103 \u00eempotriva sa. Vance a f\u0103cut acest comentariu \u00eentr-o discu\u0163ie cu DailyMail.com \u015fi cu The National Pulse, la c\u00e2teva ore dup\u0103 ce pre\u015fedintele ucrainean \u00eel acuzase [\u2026]<\/div>\n","protected":false},"author":1,"featured_media":67492,"comment_status":"closed","ping_status":"closed","sticky":false,"template":"","format":"standard","meta":{"jnews-multi-image_gallery":[],"jnews_single_post":[],"jnews_primary_category":[],"jnews_social_meta":[],"jnews_override_counter":[],"footnotes":""},"categories":[29],"tags":[],"class_list":["post-67491","post","type-post","status-publish","format-standard","has-post-thumbnail","hentry","category-externe_ro"],"_links":{"self":[{"href":"https:\/\/orheifm.live\/index.php\/wp-json\/wp\/v2\/posts\/67491","targetHints":{"allow":["GET"]}}],"collection":[{"href":"https:\/\/orheifm.live\/index.php\/wp-json\/wp\/v2\/posts"}],"about":[{"href":"https:\/\/orheifm.live\/index.php\/wp-json\/wp\/v2\/types\/post"}],"author":[{"embeddable":true,"href":"https:\/\/orheifm.live\/index.php\/wp-json\/wp\/v2\/users\/1"}],"replies":[{"embeddable":true,"href":"https:\/\/orheifm.live\/index.php\/wp-json\/wp\/v2\/comments?post=67491"}],"version-history":[{"count":0,"href":"https:\/\/orheifm.live\/index.php\/wp-json\/wp\/v2\/posts\/67491\/revisions"}],"wp:featuredmedia":[{"embeddable":true,"href":"https:\/\/orheifm.live\/index.php\/wp-json\/wp\/v2\/media\/67492"}],"wp:attachment":[{"href":"https:\/\/orheifm.live\/index.php\/wp-json\/wp\/v2\/media?parent=67491"}],"wp:term":[{"taxonomy":"category","embeddable":true,"href":"https:\/\/orheifm.live\/index.php\/wp-json\/wp\/v2\/categories?post=67491"},{"taxonomy":"post_tag","embeddable":true,"href":"https:\/\/orheifm.live\/index.php\/wp-json\/wp\/v2\/tags?post=67491"}],"curies":[{"name":"wp","href":"https:\/\/api.w.org\/{rel}","templated":true}]}}