{"id":67487,"date":"2025-02-19T21:49:59","date_gmt":"2025-02-19T19:49:59","guid":{"rendered":"https:\/\/orheifm.live\/index.php\/2025\/02\/19\/iurie-margineanu-despre-demisia-veronicai-dragalin-presiunile-politice-si-finantarile-usaid-in-moldova\/"},"modified":"2025-02-19T21:49:59","modified_gmt":"2025-02-19T19:49:59","slug":"iurie-margineanu-despre-demisia-veronicai-dragalin-presiunile-politice-si-finantarile-usaid-in-moldova","status":"publish","type":"post","link":"https:\/\/orheifm.live\/index.php\/2025\/02\/19\/iurie-margineanu-despre-demisia-veronicai-dragalin-presiunile-politice-si-finantarile-usaid-in-moldova\/","title":{"rendered":"Iurie M\u0103rgineanu despre demisia Veronic\u0103i Dragalin, presiunile politice \u0219i finan\u021b\u0103rile USAID \u00een Moldova"},"content":{"rendered":"<div>\n<p><strong>Despre plecarea procurorului american din sistemul moldovenesc, care a cedat presiunilor politicului \u00een loc s\u0103 lupte cu corup\u021bii de la guvernare, dar \u0219i despre finan\u021b\u0103rile de milioane ale grup\u0103rii criminale USAID \u00een Moldova, discut\u0103m \u00een aceast\u0103 sear\u0103 cu juristul \u0219i avocatul Iurie M\u0103rgineanu. Domnule M\u0103rgineanu bun\u0103 seara.<\/strong><br \/>\n<iframe loading=\"lazy\" width=\"560\" height=\"315\" src=\"https:\/\/www.youtube.com\/embed\/YJL_RdQMFGM?si=mZaLrS0dS8U3M5oP\" title=\"YouTube video player\" frameborder=\"0\" allow=\"accelerometer; autoplay; clipboard-write; encrypted-media; gyroscope; picture-in-picture; web-share\" referrerpolicy=\"strict-origin-when-cross-origin\" allowfullscreen><\/iframe><br \/>\n1. Iat\u0103 c\u0103, dup\u0103 o presiune enorm\u0103, acuza\u021bii de r\u0103fuieli \u0219i scandaluri, procurorul \u0219ef al Procuraturii Anticorup\u021bie Veronica Dragalin \u0219i-a dat demisia. \u00censeamn\u0103 asta c\u0103 politicul, Maia Sandu a c\u00e2\u0219tigat?<\/p>\n<p>2. De ce at\u00e2t de u\u0219or Dragalin a cedat? De ce m\u0103car \u00een aceast\u0103 perioad\u0103 de c\u00e2nd au \u00eenceput r\u0103fuielile cu ea, nu am v\u0103zut perchezi\u021bii pe la ministere, parlament, pe la func\u021bionarii PAS, mai ales c\u0103 Dragalin a recunoscut c\u0103 exist\u0103 suspiciuni de corup\u021bie \u00een r\u00e2ndul actualei puteri?<\/p>\n<p>3. \u00cenainte de plecare Dragalin a transmis un mesaj dur deputa\u021bilor. Ea a spus c\u0103 Legea de lichidare a PA este un atac asupra sistemului de Justi\u021bie, compromite independen\u021ba justi\u021biei \u0219i sl\u0103be\u0219te capacitatea \u021b\u0103rii de a-i trage la r\u0103spundere penal\u0103 pe cei afla\u021bi la putere care \u00eencalc\u0103 legea. Cum comenta\u021bi aceste acuza\u021bii? ale Veronic\u0103i Dragalin care azi \u0219i-a depus demisia?<\/p>\n<p>4. Prin lichidarea PA deputa\u021bii transmit mesajul c\u0103 justi\u021bia poate fi influen\u021bat\u0103 din capricii politice, iar procurorii care lupt\u0103 cu corup\u021bia pot fi \u00eenl\u0103tura\u021bi din func\u021bie. Are dreptate Dragalin c\u00e2nd spune acest lucru?<\/p>\n<p>5. Acest proiect de lege crede\u021bi c\u0103 va fi totu\u0219i adoptat \u00een Parlament?<\/p>\n<p>6. \u00cen cazul \u00een care legea va fi declarat\u0103 neconstitu\u021bional\u0103, a\u0219a cum a fost \u0219i \u00een cazul multor legi proaste votate de PAS, crede\u021bi c\u0103 cineva va r\u0103spunde pentru acest lucru?<\/p>\n<p>7. 1. Organiza\u021bia Criminal\u0103 a alocat 22 milioane de dolari pentru proiectul Consor\u021biul pentru alegeri \u0219i consolidarea procesului politic \u00een Moldova. Mul\u021bi juri\u0219ti spun c\u0103 de ace\u0219ti bani a beneficiat PAS \u0219i Maia Sandu. Este asta o suspiciune rezonabil\u0103 ca procurorii s\u0103 porneasca perchezi\u021bii la PAS \u0219i re\u021bineri ale membrilor PAS?<\/p>\n<p>8. Fix a\u0219a \u00een baza unor suspiciuni a\u021bi procedat \u00een cazul partidului Sor, \u0219ansa, rena\u0219tere. \u00cen cazul PAS e altceva?<\/p>\n<p>9. Este asta finan\u021bare ilegal\u0103 str\u0103in\u0103 a unor procese electorale \u00een Moldova?<\/p>\n<p>10. Este asta amestec \u00een treburile politice ale Moldovei de c\u0103tre un stat str\u0103in, \u00een cazul dat SUA?<\/p>\n<p>11. De la SIS nu a\u021bi primit nicio informa\u021bie legat\u0103 de acest subiect, finan\u021barea ilegal\u0103 a proceselor politice din Moldova de c\u0103tre USAID nu atenteaz\u0103 la securitatea Moldovei?<\/p>\n<p>12. Exist\u0103 posibilitatea ca procurorii s\u0103 verifice banii veni\u021bi prin organiza\u021bia criminal\u0103 USAID \u00een Moldova, la pres\u0103 , la diferite ONG-uri care lustruiesc imaginea PAS ?<\/p>\n<p>10. Dar chiar \u0219i dac\u0103 banii nu au fost aloca\u021bi direct PAS-ului ei au mers mers prin ONG -uri \u0219i pres\u0103 care a f\u0103cut propagand\u0103 pentru PAS, asta nu e infrac\u021biune?<\/p>\n<p>11. Totusi, unde sunt cele 300 de mii de probe privind coruperea electoral\u0103 despre care vorbea Maia Sandu? Procurorii c\u00e2nd vor prezenta aceste probe, au trecut luni de zile deja de la alegeri.<\/p>\n<\/div>\n","protected":false},"excerpt":{"rendered":"<div><img loading=\"lazy\" decoding=\"async\" width=\"696\" height=\"392\" src=\"https:\/\/canal5.md\/wp-content\/uploads\/2025\/02\/maxresdefault-28-1024x576-optimized.jpg\" class=\"attachment-large size-large wp-post-image\" alt=\"\" srcset=\"https:\/\/canal5.md\/wp-content\/uploads\/2025\/02\/maxresdefault-28-1024x576-optimized.jpg 1024w, https:\/\/canal5.md\/wp-content\/uploads\/2025\/02\/maxresdefault-28-300x169-optimized.jpg 300w, https:\/\/canal5.md\/wp-content\/uploads\/2025\/02\/maxresdefault-28-768x432-optimized.jpg 768w, https:\/\/canal5.md\/wp-content\/uploads\/2025\/02\/maxresdefault-28-696x392-optimized.jpg 696w, https:\/\/canal5.md\/wp-content\/uploads\/2025\/02\/maxresdefault-28-1068x601-optimized.jpg 1068w, https:\/\/canal5.md\/wp-content\/uploads\/2025\/02\/maxresdefault-28-optimized.jpg 1280w\">Despre plecarea procurorului american din sistemul moldovenesc, care a cedat presiunilor politicului \u00een loc s\u0103 lupte cu corup\u021bii de la guvernare, dar \u0219i despre finan\u021b\u0103rile de milioane ale grup\u0103rii criminale USAID \u00een Moldova, discut\u0103m \u00een aceast\u0103 sear\u0103 cu juristul \u0219i avocatul Iurie M\u0103rgineanu. Domnule M\u0103rgineanu bun\u0103 seara. 1. Iat\u0103 c\u0103, dup\u0103 o presiune enorm\u0103, acuza\u021bii [\u2026]<\/div>\n","protected":false},"author":1,"featured_media":67488,"comment_status":"closed","ping_status":"closed","sticky":false,"template":"","format":"standard","meta":{"jnews-multi-image_gallery":[],"jnews_single_post":[],"jnews_primary_category":[],"jnews_social_meta":[],"jnews_override_counter":[],"footnotes":""},"categories":[23],"tags":[],"class_list":["post-67487","post","type-post","status-publish","format-standard","has-post-thumbnail","hentry","category-politica_ro"],"_links":{"self":[{"href":"https:\/\/orheifm.live\/index.php\/wp-json\/wp\/v2\/posts\/67487","targetHints":{"allow":["GET"]}}],"collection":[{"href":"https:\/\/orheifm.live\/index.php\/wp-json\/wp\/v2\/posts"}],"about":[{"href":"https:\/\/orheifm.live\/index.php\/wp-json\/wp\/v2\/types\/post"}],"author":[{"embeddable":true,"href":"https:\/\/orheifm.live\/index.php\/wp-json\/wp\/v2\/users\/1"}],"replies":[{"embeddable":true,"href":"https:\/\/orheifm.live\/index.php\/wp-json\/wp\/v2\/comments?post=67487"}],"version-history":[{"count":0,"href":"https:\/\/orheifm.live\/index.php\/wp-json\/wp\/v2\/posts\/67487\/revisions"}],"wp:featuredmedia":[{"embeddable":true,"href":"https:\/\/orheifm.live\/index.php\/wp-json\/wp\/v2\/media\/67488"}],"wp:attachment":[{"href":"https:\/\/orheifm.live\/index.php\/wp-json\/wp\/v2\/media?parent=67487"}],"wp:term":[{"taxonomy":"category","embeddable":true,"href":"https:\/\/orheifm.live\/index.php\/wp-json\/wp\/v2\/categories?post=67487"},{"taxonomy":"post_tag","embeddable":true,"href":"https:\/\/orheifm.live\/index.php\/wp-json\/wp\/v2\/tags?post=67487"}],"curies":[{"name":"wp","href":"https:\/\/api.w.org\/{rel}","templated":true}]}}