{"id":67485,"date":"2025-02-19T21:49:08","date_gmt":"2025-02-19T19:49:08","guid":{"rendered":"https:\/\/orheifm.live\/index.php\/2025\/02\/19\/ramona-strugariu-numita-sefa-la-inj-fara-drept-de-munca-si-sedere-in-republica-moldova\/"},"modified":"2025-02-19T21:49:08","modified_gmt":"2025-02-19T19:49:08","slug":"ramona-strugariu-numita-sefa-la-inj-fara-drept-de-munca-si-sedere-in-republica-moldova","status":"publish","type":"post","link":"https:\/\/orheifm.live\/index.php\/2025\/02\/19\/ramona-strugariu-numita-sefa-la-inj-fara-drept-de-munca-si-sedere-in-republica-moldova\/","title":{"rendered":"Ramona Strugariu, numit\u0103 \u0219ef\u0103 la INJ f\u0103r\u0103 drept de munc\u0103 \u0219i \u0219edere \u00een Republica Moldova"},"content":{"rendered":"<div>\n<p><strong>Se pare c\u0103 pentru a activa \u00een anumite func\u021bii \u00eenalte \u00een statul Republica Moldova, nu-i nevoie de acte legale de identitate a acestui stat. Este \u0219i cazul politicianului din Rom\u00e2nia, Ramona Victoria Strugariu, aleas\u0103 recent \u00een func\u021bia de director a Institutului Na\u021bional al Justi\u021biei de la Chi\u0219in\u0103u, care \u0219i-a am\u00e2nat \u00eens\u0103 numirea la \u0219efia INJ. <\/strong><br \/>\n<iframe loading=\"lazy\" title=\"YouTube video player\" src=\"https:\/\/www.youtube.com\/embed\/uXAHHzGZGTs?si=Zail3-z-_5wEzbKV\" width=\"560\" height=\"315\" frameborder=\"0\" allowfullscreen=\"allowfullscreen\"><\/iframe><\/p>\n<p>Se pare c\u0103 aceasta nu doar c\u0103 nu de\u021bine cet\u0103\u021benia moldoveneasc\u0103 cerut\u0103 de lege pentru aceast\u0103 func\u021bie, dar nici m\u0103car dreptul la munc\u0103 \u0219i de \u0219edere din partea Republicii Moldova. Canalul de Telegram SPPOT a intrat \u00een posesia documentelor din partea INJ, care spune c\u0103 accept\u0103 decizia politicianului rom\u00e2n \u0219i anun\u021b\u0103 cine-i va prelua \u00eemputernicirile.<\/p>\n<p>\u00cen documentul publicat de canalul de telegram SPPOT, se arat\u0103 (SREEN) \u201dc\u0103 Institutul Na\u021bional al Justi\u021biei a decis, \u00een data de 17 februarie 2025, s\u0103 accepte cererea Ramonei Victoria Strugariu de am\u00e2nare a prelu\u0103rii func\u021biei de director al institu\u021biei pentru o perioad\u0103 de 14 zile. Solicitarea a fost motivat\u0103 de necesitatea finaliz\u0103rii procedurilor privind dreptul la munc\u0103 \u0219i \u0219edere,\u201d simple formalit\u0103\u021bi la prima vedere, care \u00eens\u0103 reprezint\u0103 o \u00eenc\u0103lcare grav\u0103 a legisla\u021biei Republicii Moldova.<\/p>\n<p>INJ mai anun\u021b\u0103 c\u0103 \u00een intervalul 17 februarie \u2013 3 martie 2025, conducerea interimar\u0103 va fi asigurat\u0103 de Ecaterina Popa, \u0219efa Direc\u021biei instruire \u0219i cercetare, care va de\u021bine dreptul la prima semn\u0103tur\u0103.<\/p>\n<p>Am telefonat la Consiliului Institutului Na\u021bional al Justi\u021biei pentru a afla cum a fost posibil\u0103 acceptarea dosarului Ramonei Victoria Strugariu la concurs, dac\u0103 aceasta nu de\u021binea actele necesare, \u00eens\u0103 nimeni nu ne-a r\u0103spuns la apeluri.<\/p>\n<p>De asemenea, am vrut s\u0103 afl\u0103m \u0219i de la Inspectoratul General pentru Migra\u021bie, dac\u0103 Strugariu a depus vreo cerere de a primi dreptul de \u0219edere \u0219i de munc\u0103, \u00eens\u0103 reprezentan\u021bii Serviciului Rela\u021bii cu Publicul a refuzat s\u0103 ne confirme sau infirme acest lucru, invoc\u00e2nd protec\u021bia datelor cu caracter personal.<\/p>\n<p>SERVICIUL RELA\u021aII CU PUBLICUL, Inspectoratul General pentru Migra\u021bie<\/p>\n<p>\u2013 Dac\u0103 aceast\u0103 politician\u0103 din Rom\u00e2nia, Ramona Victoria Strugariu, care la noi a fost propus\u0103 ca director a Institutului Na\u021bional al Justi\u021biei \u2026 \u2013 Uita\u021bi-v\u0103, atunci c\u00e2nd noi vorbim de angarea la munc\u0103, atunci angajatorul sau persoana juridic\u0103 se adreseaz\u0103 \u0219i absolut toat\u0103 informa\u021bia o de\u021bine persoana juridic\u0103 care a depus actele.<\/p>\n<p>\u2013\u00a0 Noi vrem s\u0103 \u0219tim dac\u0103 Biroul cunoa\u0219te, a depus vreo solicitare de a primi drept de \u0219edere \u0219i de munc\u0103? \u2013 Nu putem s\u0103 v\u0103 d\u0103m nicio informa\u021bie \u00een cazul \u00een care noi nu\u2026 sunt date cu caracter personal \u0219i noi nu putem s\u0103 v\u0103 confirm\u0103m la telefon nici infirm\u0103m ceva. \u2013<\/p>\n<p>Este o persoan\u0103 public\u0103 \u0219i noi vrem s\u0103 \u0219tim dac\u0103 doar a depus solicitare de a primi\u2026 \u2013 Dac\u0103 a depus actele o persoan\u0103 public\u0103, \u00een cazul de fa\u021b\u0103 depune nu ca persoan\u0103 public\u0103, depune ca un str\u0103in care necesit\u0103 un drept de \u0219edere.<\/p>\n<p>Am solicitat \u0219i de la Pre\u0219edin\u021bie s\u0103 ne spun\u0103 dac\u0103 \u0219efa statului i-a acordat cet\u0103\u021benie moldoveneasc\u0103 politicianului din Rom\u00e2nia, \u00eens\u0103 nici purt\u0103torul de cuv\u00e2nt al institu\u021biei, Igor Zaharov \u0219i nici \u0219eful Cabinetului, Adrian B\u0103lu\u021bel, care de altfel a v\u0103zut mesajul nostru, nu au oferit un r\u0103spuns.<\/p>\n<p>Am accesat site-ul institu\u021biei preziden\u021biale la sec\u021biunea \u201dDecrete\u201d pentru a afla, totu\u0219i, dac\u0103 Maia Sandu a semnat acordarea cet\u0103\u021beniei moldovene\u0219ti Ramonei Victoria Strugariu,\u00a0 \u00eens\u0103 ultimul document confirm\u0103 doar decretarea a altor patru cet\u0103\u021beni rom\u00e2ni, \u00een data de 31 ianuarie curent.<\/p>\n<p>Situa\u021bia din justi\u021bia moldoveneasc\u0103 a fost comentat\u0103 \u0219i de fosta magistrat\u0103 Victoria Sandu\u021ba, pe pagina sa oficial\u0103 de pe re\u021belele de socializare.<\/p>\n<p>\u201dNici m\u0103car permis de \u0219edere nu are! Cum?! Cum po\u021bi s\u0103 fii Director la Institu\u021bia care preg\u0103te\u0219te viitorii judec\u0103tori \u0219i procurori, dac\u0103 nu ai idee de legisla\u021bia RM? Dar p\u00e2n\u0103 la urm\u0103 \u00een \u021bara RM, tot ce conteaz\u0103 este s\u0103 te asortezi cu Maia, nu?!<\/p>\n<p>Adorabile.\u201d , a declarat Sandu\u021ba ata\u0219\u00e2nd la postarea sa \u0219i o \u0219tire scris\u0103 de un portal despre am\u00e2narea numirii \u00een politicianului din Rom\u00e2nia, \u00eenso\u021bit\u0103 de dou\u0103 fotografii \u00een care Maia Sandu pozeaz\u0103 al\u0103turi de Ramona Victoria Strugariu.<\/p>\n<p>Amintim c\u0103 anun\u0163ul despre numirea Ramonei Victoria Strugariu, \u00een func\u0163ia de director a Institutului Na\u021bional al Justi\u021biei a fost f\u0103cut \u00een data de 14 februarie 2024. Aceasta s-a \u00eenscris la concursul anun\u021bat repetat, pe data de 9 octombrie 2024, dup\u0103 ce prima tentativ\u0103 a e\u0219uat.<\/p>\n<p>\u00cen luna ianuarie 2025, Consiliul Institutului Na\u021bional al Justi\u021biei a publicat lista candida\u021bilor \u00eenscri\u0219i \u00een concursul pentru ocuparea func\u021biei vacante de director al institu\u021biei. Era vorba despre Natalia Balaban, Anatolie Munteanu \u0219i Ramona Victoria Strugariu.<br \/>\nRamona Strugariu este n\u0103scut\u0103 la B\u00e2rlad, Rom\u00e2nia, a fost membr\u0103 de partide \u0219i eurodeputat\u0103 p\u00e2n\u0103 anul trecut.<\/p>\n<p>Este o politician\u0103 apropiat\u0103 lui Dacian Ciolo\u0219, fostul premier rom\u00e2n, care a p\u0103r\u0103sit USR \u0219i a creat o alt\u0103 forma\u021biune. Pagina de Facebook a Ramonei Strugariu abund\u0103 \u00een fotografii cu membri \u0219i exponen\u021bi PAS, inclusiv cu Maia Sandu, Igor Grosu, Dorin Recean sau Doina Gherman.<\/p>\n<\/div>\n","protected":false},"excerpt":{"rendered":"<div><img decoding=\"async\" width=\"696\" height=\"458\" src=\"https:\/\/canal5.md\/wp-content\/uploads\/2025\/02\/798677-optimized.webp\" class=\"attachment-large size-large wp-post-image\" alt=\"\" loading=\"lazy\" srcset=\"https:\/\/canal5.md\/wp-content\/uploads\/2025\/02\/798677-optimized.webp 760w, https:\/\/canal5.md\/wp-content\/uploads\/2025\/02\/798677-300x197-optimized.webp 300w, https:\/\/canal5.md\/wp-content\/uploads\/2025\/02\/798677-696x458-optimized.webp 696w\">Se pare c\u0103 pentru a activa \u00een anumite func\u021bii \u00eenalte \u00een statul Republica Moldova, nu-i nevoie de acte legale de identitate a acestui stat. Este \u0219i cazul politicianului din Rom\u00e2nia, Ramona Victoria Strugariu, aleas\u0103 recent \u00een func\u021bia de director a Institutului Na\u021bional al Justi\u021biei de la Chi\u0219in\u0103u, care \u0219i-a am\u00e2nat \u00eens\u0103 numirea la \u0219efia INJ. [\u2026]<\/div>\n","protected":false},"author":1,"featured_media":67486,"comment_status":"closed","ping_status":"closed","sticky":false,"template":"","format":"standard","meta":{"jnews-multi-image_gallery":[],"jnews_single_post":[],"jnews_primary_category":[],"jnews_social_meta":[],"jnews_override_counter":[],"footnotes":""},"categories":[23],"tags":[],"class_list":["post-67485","post","type-post","status-publish","format-standard","has-post-thumbnail","hentry","category-politica_ro"],"_links":{"self":[{"href":"https:\/\/orheifm.live\/index.php\/wp-json\/wp\/v2\/posts\/67485","targetHints":{"allow":["GET"]}}],"collection":[{"href":"https:\/\/orheifm.live\/index.php\/wp-json\/wp\/v2\/posts"}],"about":[{"href":"https:\/\/orheifm.live\/index.php\/wp-json\/wp\/v2\/types\/post"}],"author":[{"embeddable":true,"href":"https:\/\/orheifm.live\/index.php\/wp-json\/wp\/v2\/users\/1"}],"replies":[{"embeddable":true,"href":"https:\/\/orheifm.live\/index.php\/wp-json\/wp\/v2\/comments?post=67485"}],"version-history":[{"count":0,"href":"https:\/\/orheifm.live\/index.php\/wp-json\/wp\/v2\/posts\/67485\/revisions"}],"wp:featuredmedia":[{"embeddable":true,"href":"https:\/\/orheifm.live\/index.php\/wp-json\/wp\/v2\/media\/67486"}],"wp:attachment":[{"href":"https:\/\/orheifm.live\/index.php\/wp-json\/wp\/v2\/media?parent=67485"}],"wp:term":[{"taxonomy":"category","embeddable":true,"href":"https:\/\/orheifm.live\/index.php\/wp-json\/wp\/v2\/categories?post=67485"},{"taxonomy":"post_tag","embeddable":true,"href":"https:\/\/orheifm.live\/index.php\/wp-json\/wp\/v2\/tags?post=67485"}],"curies":[{"name":"wp","href":"https:\/\/api.w.org\/{rel}","templated":true}]}}