{"id":67483,"date":"2025-02-19T21:44:19","date_gmt":"2025-02-19T19:44:19","guid":{"rendered":"https:\/\/orheifm.live\/index.php\/2025\/02\/19\/generalul-maior-nosatii-a-capitulat-complet-in-fata-canal5-ministrul-apararii-a-fugit-rusinos-de-la-jurnalista-noastra-video\/"},"modified":"2025-02-19T21:44:19","modified_gmt":"2025-02-19T19:44:19","slug":"generalul-maior-nosatii-a-capitulat-complet-in-fata-canal5-ministrul-apararii-a-fugit-rusinos-de-la-jurnalista-noastra-video","status":"publish","type":"post","link":"https:\/\/orheifm.live\/index.php\/2025\/02\/19\/generalul-maior-nosatii-a-capitulat-complet-in-fata-canal5-ministrul-apararii-a-fugit-rusinos-de-la-jurnalista-noastra-video\/","title":{"rendered":"Generalul-maior Nosat\u00eei a capitulat complet \u00een fa\u021ba CANAL5. Ministrul ap\u0103r\u0103rii a fugit ru\u0219inos de la jurnalista noastr\u0103 |VIDEO"},"content":{"rendered":"<div>\n<p><strong>B\u0103d\u0103r\u0103nism. Acestui cuv\u00e2nt se asimileaz\u0103 comportamentul de ast\u0103zi al ministrului Ap\u0103r\u0103rii, Anatol Nosat\u00eei. Av\u00e2nd \u00een vedere c\u0103 jurnali\u0219tii Canal 5 nu au acces \u00een cl\u0103direa Guvernului, am \u00eencercat s\u0103-i abord\u0103m afar\u0103, pe sc\u0103ri. <\/strong><br \/>\n<iframe loading=\"lazy\" title=\"YouTube video player\" src=\"https:\/\/www.youtube.com\/embed\/OBopKbEoaGw?si=kBTzt36kTEmK89OP\" width=\"560\" height=\"315\" frameborder=\"0\" allowfullscreen=\"allowfullscreen\"><\/iframe><\/p>\n<p>Astfel, reporterul nostru a vrut s\u0103-l \u00eentrebe pe Nosat\u00eei de ce Moldova continu\u0103 s\u0103 se \u00eenarmeze at\u00e2t de mult, \u00een condi\u021biile \u00een care liderii lumii vorbesc tot mai mult despre \u00eencetarea r\u0103zboiului din Ucraina \u0219i sus\u021bin pacea.<\/p>\n<p>De asemenea, reporterul a dorit s\u0103 afle cine este du\u0219manul num\u0103rul unu al Moldovei, care justific\u0103 militarizarea \u0219i \u00eenarmarea, \u0219i de ce, de c\u00e2nd a \u00eenceput r\u0103zboiul \u00een Ucraina, nu am auzit din partea autorit\u0103\u021bilor de la Chi\u0219in\u0103u \u00eendemnuri de a se a\u0219eza la masa negocierilor \u0219i a opri r\u0103zboiul, ci doar apeluri la \u00eent\u0103rirea armatei. \u00cens\u0103, Anatolie Nosat\u00eei a dat dovad\u0103 de m\u0103g\u0103rie \u0219i a dat-o cu fuga.\u00a0 Men\u021bion\u0103m c\u0103, Anatolie Nosat\u00eei a fost investit \u00een func\u021bia de ministrul al Ap\u0103r\u0103rii \u00een august, 2021.<\/p>\n<p>\u2013 Bun\u0103 diminea\u021ba.<\/p>\n<p>\u2013 Nu vre\u021bi s\u0103 mergem \u00een\u0103untru?<\/p>\n<p>Uita\u021bi-v\u0103 eu sunt dezbr\u0103cat, dvs sunte\u021bi g\u0103tit\u0103 a\u0219a bine. Haide\u021bi s\u0103 mergem \u00een\u0103untru \u0219i s\u0103 discut\u0103m.<\/p>\n<p>\u2013 Acum?<\/p>\n<p>\u2013 Da.<\/p>\n<p>\u2013 Haide\u021bi.<\/p>\n<p>\u2013 \u00cencerca\u021bi.<\/p>\n<\/div>\n","protected":false},"excerpt":{"rendered":"<div><img loading=\"lazy\" decoding=\"async\" width=\"299\" height=\"168\" src=\"https:\/\/canal5.md\/wp-content\/uploads\/2025\/02\/images-3-optimized.jpg\" class=\"attachment-large size-large wp-post-image\" alt=\"\">B\u0103d\u0103r\u0103nism. Acestui cuv\u00e2nt se asimileaz\u0103 comportamentul de ast\u0103zi al ministrului Ap\u0103r\u0103rii, Anatol Nosat\u00eei. Av\u00e2nd \u00een vedere c\u0103 jurnali\u0219tii Canal 5 nu au acces \u00een cl\u0103direa Guvernului, am \u00eencercat s\u0103-i abord\u0103m afar\u0103, pe sc\u0103ri. Astfel, reporterul nostru a vrut s\u0103-l \u00eentrebe pe Nosat\u00eei de ce Moldova continu\u0103 s\u0103 se \u00eenarmeze at\u00e2t de mult, \u00een condi\u021biile \u00een [\u2026]<\/div>\n","protected":false},"author":1,"featured_media":67484,"comment_status":"closed","ping_status":"closed","sticky":false,"template":"","format":"standard","meta":{"jnews-multi-image_gallery":[],"jnews_single_post":[],"jnews_primary_category":[],"jnews_social_meta":[],"jnews_override_counter":[],"footnotes":""},"categories":[30],"tags":[],"class_list":["post-67483","post","type-post","status-publish","format-standard","has-post-thumbnail","hentry","category-social_ro"],"_links":{"self":[{"href":"https:\/\/orheifm.live\/index.php\/wp-json\/wp\/v2\/posts\/67483","targetHints":{"allow":["GET"]}}],"collection":[{"href":"https:\/\/orheifm.live\/index.php\/wp-json\/wp\/v2\/posts"}],"about":[{"href":"https:\/\/orheifm.live\/index.php\/wp-json\/wp\/v2\/types\/post"}],"author":[{"embeddable":true,"href":"https:\/\/orheifm.live\/index.php\/wp-json\/wp\/v2\/users\/1"}],"replies":[{"embeddable":true,"href":"https:\/\/orheifm.live\/index.php\/wp-json\/wp\/v2\/comments?post=67483"}],"version-history":[{"count":0,"href":"https:\/\/orheifm.live\/index.php\/wp-json\/wp\/v2\/posts\/67483\/revisions"}],"wp:featuredmedia":[{"embeddable":true,"href":"https:\/\/orheifm.live\/index.php\/wp-json\/wp\/v2\/media\/67484"}],"wp:attachment":[{"href":"https:\/\/orheifm.live\/index.php\/wp-json\/wp\/v2\/media?parent=67483"}],"wp:term":[{"taxonomy":"category","embeddable":true,"href":"https:\/\/orheifm.live\/index.php\/wp-json\/wp\/v2\/categories?post=67483"},{"taxonomy":"post_tag","embeddable":true,"href":"https:\/\/orheifm.live\/index.php\/wp-json\/wp\/v2\/tags?post=67483"}],"curies":[{"name":"wp","href":"https:\/\/api.w.org\/{rel}","templated":true}]}}