{"id":67481,"date":"2025-02-19T21:47:37","date_gmt":"2025-02-19T19:47:37","guid":{"rendered":"https:\/\/orheifm.live\/index.php\/2025\/02\/19\/ministerul-justitiei-refuza-sa-comenteze-demisia-veronicai-dragalin-dar-asigura-continuarea-eforturilor-pentru-eficientizarea-activitatii-procuraturilor\/"},"modified":"2025-02-19T21:47:37","modified_gmt":"2025-02-19T19:47:37","slug":"ministerul-justitiei-refuza-sa-comenteze-demisia-veronicai-dragalin-dar-asigura-continuarea-eforturilor-pentru-eficientizarea-activitatii-procuraturilor","status":"publish","type":"post","link":"https:\/\/orheifm.live\/index.php\/2025\/02\/19\/ministerul-justitiei-refuza-sa-comenteze-demisia-veronicai-dragalin-dar-asigura-continuarea-eforturilor-pentru-eficientizarea-activitatii-procuraturilor\/","title":{"rendered":"Ministerul Justi\u021biei refuz\u0103 s\u0103 comenteze demisia Veronic\u0103i Dragalin, dar asigur\u0103 continuarea eforturilor pentru eficientizarea activit\u0103\u021bii procuraturilor"},"content":{"rendered":"<div>\n<p><strong>Ministrul Justi\u021biei, Veronica Mihailov-Moraru, a refuzat s\u0103 se expun\u0103 pe subiectul demisiei \u0219efei Procuraturii Anticorup\u021bie, Veronica Dragalin. Cu toate acestea, Mihailov-Moraru a \u021binut s\u0103 asigure c\u0103 autorit\u0103\u021bile centrale vor continua s\u0103 depun\u0103 eforturi pentru a fortifica activitatea procuraturilor specializate. Cu o reac\u021bie a venit \u0219i pre\u0219edintele Parlamentului, Igor Grosu, care a dat de \u00een\u021beles c\u0103 lichidarea PCCOCS \u0219i PA se va produce.<\/strong><br \/>\n<iframe loading=\"lazy\" title=\"YouTube video player\" src=\"https:\/\/www.youtube.com\/embed\/HMe5qBEUBXw?si=JtQfDW0590Iu1abP\" width=\"560\" height=\"315\" frameborder=\"0\" allowfullscreen=\"allowfullscreen\"><\/iframe><\/p>\n<p>\u00centrebat\u0103 de jurnali\u0219ti despre demisia \u0219efei Procuraturii Anticorup\u021bie, ministra Justi\u021biei a ales s\u0103 evite comentarea subiectului. Se pare c\u0103 lec\u021bia \u00eenv\u0103\u021bat\u0103 \u00een cazul \u201dDragalin\u201d \u00eei determin\u0103 de demnitari s\u0103 fie mai aten\u021bi la ce spun.<\/p>\n<p>VERONICA MIHAILOV-MORARU, ministra Justi\u021biei<\/p>\n<p>Nu voi comenta demisia doamnei Dragalin. Ceea ce vreau doar s\u0103 spun din punct de vedere institu\u021bional c\u0103 at\u00e2t Guvernul, c\u00e2t \u0219i Parlamentul vor continua toate eforturile necesare \u00een vederea eficientiz\u0103rii activit\u0103\u021bii procuraturilor specializate.<\/p>\n<p>La c\u00e2teva ore de la anun\u021bul f\u0103cut de Veronica Dragalin, \u00eentr- o postare pe pagina sa de Facebook, pre\u0219edintele Parlamentului, Igor Grosu a anun\u021bat c\u0103 miercuri, 19 februarie curent, a avut loc prima consultare public\u0103 pe marginea proiectului de lege privind crearea unei noi procuraturi specializat\u0103 pe Anticorup\u021bie \u0219i Combaterea Crimei Organizate \u2013 PACCO \u0219i a dat de \u00een\u021beles c\u0103 scopul nu a fost de a o alunga din func\u021bie pe Dragalin.<\/p>\n<p>\u201dProiectul de modificare a legii, \u00eenregistrat recent \u00een Parlament, nu este despre o persoan\u0103, dar este despre a construi o procuratur\u0103 specializat\u0103, mai integr\u0103, care s\u0103 fac\u0103 fa\u021b\u0103 amenin\u021b\u0103rilor f\u0103r\u0103 precedent asupra \u021b\u0103rii noastre din partea grup\u0103rilor criminale \u0219i s\u0103 livreze dreptate pentru oameni. Lipsa de rezultate nu mai poate fi tolerat\u0103\u201d , a scris \u0219eful Legislativului.<\/p>\n<p>Deocamdat\u0103, nu se \u0219tie dac\u0103 va fi numit un \u0219ef interimar la Procuratura Anticorup\u021bie, lucru ce urmeaz\u0103 s\u0103 fie discutat \u00een cadrul Procuraturii Generale \u0219i a Consiliului Superior al Procurorilor.<\/p>\n<p>Ministrul Justi\u021biei a mai men\u021bionat c\u0103 Executivul \u0219i Legislativul vor analiza cu aten\u021bie toate recomand\u0103rile \u00een privin\u021ba proiectului cu privire la crearea PACCO, criticat dur de Veronica Dragalin. \u201dCu siguran\u021b\u0103 vom veni cu mai multe recomand\u0103ri de \u00eembun\u0103t\u0103\u021bire pentru a asigura o implementare c\u00e2t mai reu\u0219it\u0103, dar mai ales pentru a \u00eenl\u0103tura acele riscuri care au fost semnalate de mai mul\u021bi participan\u021bi\u201d, a ad\u0103ugat Mihailov-Moraru.<\/p>\n<\/div>\n","protected":false},"excerpt":{"rendered":"<div><img loading=\"lazy\" decoding=\"async\" width=\"696\" height=\"458\" src=\"https:\/\/canal5.md\/wp-content\/uploads\/2025\/02\/i-2-2-optimized.webp\" class=\"attachment-large size-large wp-post-image\" alt=\"\" srcset=\"https:\/\/canal5.md\/wp-content\/uploads\/2025\/02\/i-2-2-optimized.webp 760w, https:\/\/canal5.md\/wp-content\/uploads\/2025\/02\/i-2-2-300x197-optimized.webp 300w, https:\/\/canal5.md\/wp-content\/uploads\/2025\/02\/i-2-2-696x458-optimized.webp 696w\">Ministrul Justi\u021biei, Veronica Mihailov-Moraru, a refuzat s\u0103 se expun\u0103 pe subiectul demisiei \u0219efei Procuraturii Anticorup\u021bie, Veronica Dragalin. Cu toate acestea, Mihailov-Moraru a \u021binut s\u0103 asigure c\u0103 autorit\u0103\u021bile centrale vor continua s\u0103 depun\u0103 eforturi pentru a fortifica activitatea procuraturilor specializate. Cu o reac\u021bie a venit \u0219i pre\u0219edintele Parlamentului, Igor Grosu, care a dat de \u00een\u021beles c\u0103 [\u2026]<\/div>\n","protected":false},"author":1,"featured_media":67482,"comment_status":"closed","ping_status":"closed","sticky":false,"template":"","format":"standard","meta":{"jnews-multi-image_gallery":[],"jnews_single_post":[],"jnews_primary_category":[],"jnews_social_meta":[],"jnews_override_counter":[],"footnotes":""},"categories":[23],"tags":[],"class_list":["post-67481","post","type-post","status-publish","format-standard","has-post-thumbnail","hentry","category-politica_ro"],"_links":{"self":[{"href":"https:\/\/orheifm.live\/index.php\/wp-json\/wp\/v2\/posts\/67481","targetHints":{"allow":["GET"]}}],"collection":[{"href":"https:\/\/orheifm.live\/index.php\/wp-json\/wp\/v2\/posts"}],"about":[{"href":"https:\/\/orheifm.live\/index.php\/wp-json\/wp\/v2\/types\/post"}],"author":[{"embeddable":true,"href":"https:\/\/orheifm.live\/index.php\/wp-json\/wp\/v2\/users\/1"}],"replies":[{"embeddable":true,"href":"https:\/\/orheifm.live\/index.php\/wp-json\/wp\/v2\/comments?post=67481"}],"version-history":[{"count":0,"href":"https:\/\/orheifm.live\/index.php\/wp-json\/wp\/v2\/posts\/67481\/revisions"}],"wp:featuredmedia":[{"embeddable":true,"href":"https:\/\/orheifm.live\/index.php\/wp-json\/wp\/v2\/media\/67482"}],"wp:attachment":[{"href":"https:\/\/orheifm.live\/index.php\/wp-json\/wp\/v2\/media?parent=67481"}],"wp:term":[{"taxonomy":"category","embeddable":true,"href":"https:\/\/orheifm.live\/index.php\/wp-json\/wp\/v2\/categories?post=67481"},{"taxonomy":"post_tag","embeddable":true,"href":"https:\/\/orheifm.live\/index.php\/wp-json\/wp\/v2\/tags?post=67481"}],"curies":[{"name":"wp","href":"https:\/\/api.w.org\/{rel}","templated":true}]}}