{"id":67479,"date":"2025-02-19T21:45:57","date_gmt":"2025-02-19T19:45:57","guid":{"rendered":"https:\/\/orheifm.live\/index.php\/2025\/02\/19\/apa-canal-chisinau-a-depus-o-cerere-la-anre-pentru-majorarea-tarifelor-pentru-apa-si-canalizare-cu-35-video\/"},"modified":"2025-02-19T21:45:57","modified_gmt":"2025-02-19T19:45:57","slug":"apa-canal-chisinau-a-depus-o-cerere-la-anre-pentru-majorarea-tarifelor-pentru-apa-si-canalizare-cu-35-video","status":"publish","type":"post","link":"https:\/\/orheifm.live\/index.php\/2025\/02\/19\/apa-canal-chisinau-a-depus-o-cerere-la-anre-pentru-majorarea-tarifelor-pentru-apa-si-canalizare-cu-35-video\/","title":{"rendered":"Apa-Canal Chi\u0219in\u0103u a depus o cerere la ANRE pentru majorarea tarifelor pentru ap\u0103 \u0219i canalizare cu 35% |VIDEO"},"content":{"rendered":"<div>\n<p><strong>\u00cen Chi\u0219in\u0103u, tariful la ap\u0103 ar putea cre\u0219te cu aproape 35%. Apa- Canal Chi\u0219in\u0103u a \u00eenaintat o nou\u0103 solicitare Agen\u021biei Na\u021bionale pentru Reglementare \u00een Energetic\u0103 s\u0103 aprobe majorarea semnificativ\u0103 a tarifelor. Conform propunerii,\u00a0 pre\u021bul pentru ap\u0103 ar urma s\u0103 creasc\u0103 cu o treime, ajung\u00e2nd la 14 lei \u0219i 46 bani, \u00een timp ce pentru canalizare s-ar putea dubla, ridic\u00e2ndu-se la 7 lei \u0219i 46 bani. Astfel, factura total\u0103 ar ajunge la 21 lei \u0219i 82 bani, fa\u021b\u0103 de 14 lei \u0219i 97 bani, c\u00e2t pl\u0103tesc \u00een prezent chi\u0219in\u0103uienii.<\/strong><br \/>\n<iframe loading=\"lazy\" title=\"YouTube video player\" src=\"https:\/\/www.youtube.com\/embed\/Q6RsIvcXPbU?si=C6XKu3OPhUFvYXnR\" width=\"560\" height=\"315\" frameborder=\"0\" allowfullscreen=\"allowfullscreen\"><\/iframe><\/p>\n<p>Cererea a fost depus\u0103 de Apa-Canal pe 29 ianuarie, dar a fost publicat\u0103 abia pe 4 februarie. Ini\u021bial, compania propunea o majorare de 27,7%, cu un tarif total de 20 lei \u0219i 63 bani, \u00eens\u0103, dup\u0103 recalcularea costurilor, s-a decis o cre\u0219tere \u0219i mai mare.\u00a0 Motivul major\u0103rii este legat de cre\u0219terea pre\u021burilor la energia electric\u0103 \u0219i necesitatea ramburs\u0103rii unui credit acordat de Banca European\u0103 pentru Reconstruc\u021bie \u0219i Dezvoltare semnat \u00een anul 2013. Ultima dat\u0103, tarifele pentru ap\u0103 din Chi\u0219in\u0103u au fost stabilite \u00een 2023.<\/p>\n<p>\u00cen prezent, locuitorii Chi\u0219in\u0103ului pl\u0103tesc pentru ap\u0103 \u0219i canalizare 14 lei \u0219i 97 bani.<\/p>\n<p>Apa-Canal propune o cre\u0219tere ce ajunge la 21 lei \u0219i 82 bani.<\/p>\n<p>Furnizorul de ap\u0103 a depus cererea \u00eenc\u0103 pe 29 ianuarie, \u00eens\u0103 aceasta a fost publicat\u0103 abia pe 4 februarie.<\/p>\n<p>Atunci, Apa-Canal solicita o majorare a tarifelor cu 27,7% \u2014 p\u00e2n\u0103 la 20 lei \u0219i 63 bani.<\/p>\n<p>\u00cen final, compania a recalcultat cifrele \u0219i a decis s\u0103 cear\u0103 tarife mai mari.<\/p>\n<\/div>\n","protected":false},"excerpt":{"rendered":"<div><img decoding=\"async\" width=\"696\" height=\"464\" src=\"https:\/\/canal5.md\/wp-content\/uploads\/2025\/02\/1072411__5e79e60e3c12e-optimized.jpg\" class=\"attachment-large size-large wp-post-image\" alt=\"\" loading=\"lazy\" srcset=\"https:\/\/canal5.md\/wp-content\/uploads\/2025\/02\/1072411__5e79e60e3c12e-optimized.jpg 750w, https:\/\/canal5.md\/wp-content\/uploads\/2025\/02\/1072411__5e79e60e3c12e-300x200-optimized.jpg 300w, https:\/\/canal5.md\/wp-content\/uploads\/2025\/02\/1072411__5e79e60e3c12e-696x464-optimized.jpg 696w\">\u00cen Chi\u0219in\u0103u, tariful la ap\u0103 ar putea cre\u0219te cu aproape 35%. Apa- Canal Chi\u0219in\u0103u a \u00eenaintat o nou\u0103 solicitare Agen\u021biei Na\u021bionale pentru Reglementare \u00een Energetic\u0103 s\u0103 aprobe majorarea semnificativ\u0103 a tarifelor. Conform propunerii,\u00a0 pre\u021bul pentru ap\u0103 ar urma s\u0103 creasc\u0103 cu o treime, ajung\u00e2nd la 14 lei \u0219i 46 bani, \u00een timp ce pentru canalizare [\u2026]<\/div>\n","protected":false},"author":1,"featured_media":67480,"comment_status":"closed","ping_status":"closed","sticky":false,"template":"","format":"standard","meta":{"jnews-multi-image_gallery":[],"jnews_single_post":[],"jnews_primary_category":[],"jnews_social_meta":[],"jnews_override_counter":[],"footnotes":""},"categories":[23],"tags":[],"class_list":["post-67479","post","type-post","status-publish","format-standard","has-post-thumbnail","hentry","category-politica_ro"],"_links":{"self":[{"href":"https:\/\/orheifm.live\/index.php\/wp-json\/wp\/v2\/posts\/67479","targetHints":{"allow":["GET"]}}],"collection":[{"href":"https:\/\/orheifm.live\/index.php\/wp-json\/wp\/v2\/posts"}],"about":[{"href":"https:\/\/orheifm.live\/index.php\/wp-json\/wp\/v2\/types\/post"}],"author":[{"embeddable":true,"href":"https:\/\/orheifm.live\/index.php\/wp-json\/wp\/v2\/users\/1"}],"replies":[{"embeddable":true,"href":"https:\/\/orheifm.live\/index.php\/wp-json\/wp\/v2\/comments?post=67479"}],"version-history":[{"count":0,"href":"https:\/\/orheifm.live\/index.php\/wp-json\/wp\/v2\/posts\/67479\/revisions"}],"wp:featuredmedia":[{"embeddable":true,"href":"https:\/\/orheifm.live\/index.php\/wp-json\/wp\/v2\/media\/67480"}],"wp:attachment":[{"href":"https:\/\/orheifm.live\/index.php\/wp-json\/wp\/v2\/media?parent=67479"}],"wp:term":[{"taxonomy":"category","embeddable":true,"href":"https:\/\/orheifm.live\/index.php\/wp-json\/wp\/v2\/categories?post=67479"},{"taxonomy":"post_tag","embeddable":true,"href":"https:\/\/orheifm.live\/index.php\/wp-json\/wp\/v2\/tags?post=67479"}],"curies":[{"name":"wp","href":"https:\/\/api.w.org\/{rel}","templated":true}]}}