{"id":67477,"date":"2025-02-19T21:42:09","date_gmt":"2025-02-19T19:42:09","guid":{"rendered":"https:\/\/orheifm.live\/index.php\/2025\/02\/19\/mihai-popsoi-considera-centrul-rus-o-amenintare-la-adresa-securitatii-nationale-si-anunta-ca-guvernul-va-analiza-inchiderea-acestuia-video\/"},"modified":"2025-02-19T21:42:09","modified_gmt":"2025-02-19T19:42:09","slug":"mihai-popsoi-considera-centrul-rus-o-amenintare-la-adresa-securitatii-nationale-si-anunta-ca-guvernul-va-analiza-inchiderea-acestuia-video","status":"publish","type":"post","link":"https:\/\/orheifm.live\/index.php\/2025\/02\/19\/mihai-popsoi-considera-centrul-rus-o-amenintare-la-adresa-securitatii-nationale-si-anunta-ca-guvernul-va-analiza-inchiderea-acestuia-video\/","title":{"rendered":"Mihai Pop\u0219oi consider\u0103 Centrul Rus o amenin\u021bare la adresa securit\u0103\u021bii na\u021bionale \u0219i anun\u021b\u0103 c\u0103 Guvernul va analiza \u00eenchiderea acestuia |VIDEO"},"content":{"rendered":"<div>\n<p><strong>Ministrul de Externe, Mihai Pop\u0219oi anun\u021b\u0103 c\u0103 Centrul Rus de \u0218tiin\u021b\u0103 \u0219i Cultur\u0103 ar putea fi \u00eenchis definitiv. Acesta a men\u021bionat c\u0103, Ministerul Culturii elaboreaz\u0103 proiectul Acordului \u00een baza c\u0103ruia activeaz\u0103 institu\u021bia, iar decizia va merge \u00een Guvern \u0219i Parlament.<\/strong><br \/>\n<iframe loading=\"lazy\" title=\"YouTube video player\" src=\"https:\/\/www.youtube.com\/embed\/kgEp2Yzp9b0?si=mvCu0R2FydOOVzNy\" width=\"560\" height=\"315\" frameborder=\"0\" allowfullscreen=\"allowfullscreen\"><\/iframe><br \/>\nMUHAI POP\u0218OI, ministru de Externe<\/p>\n<p>Ministerul Culturii \u2013 care este responsabil de acordul din 1998 vor veni cu proiectul de denun\u021bare a acestuia c\u0103tre Guvern , dup\u0103 care acest proiect va merge \u00een Parlament pentru denun\u021bare, dup\u0103 care vom notifica partea rus\u0103. Toate etapele legale \u00ee\u0219i vor urma cursul.<\/p>\n<p>Nu avem absolut nimic \u00eempotriva limbii ruse, a culturii ruse, dar atunci c\u00e2nd un asemenia centru activeaz\u0103 \u00eentru subminarea statalit\u0103\u021bii \u0219i integrit\u0103\u021bii RM, este prins \u00een activit\u0103\u021bi subversive aceste demersuri sunt de \u00een\u021beles.<\/p>\n<p>Acesta a mai precizat c\u0103, decizia de a \u00eenchide centrul cultural rus din Chi\u0219in\u0103u este un r\u0103spuns la ac\u021biunile repetate ale Federa\u021biei Ruse de violare a spa\u021biului aerian al Republicii Moldova \u0219i de punere \u00een primejdie a cet\u0103\u021benilor no\u0219tri. \u00cen realitate, Centrul Rus de \u0218tiin\u021b\u0103 \u0219i Cultur\u0103 dezminte cele spuse \u0219i anun\u021b\u0103 c\u0103 desf\u0103\u0219oar\u0103 evenimente culturale cu poe\u021bi, scriitori \u0219i copii. Amintim c\u0103, guvernarea PAS s-a r\u0103fuit anterior \u0219i cu zeci de angaja\u021bi ai Ambasadei Federa\u021biei Ruse la Chisinau numindu-i spioni.<\/p>\n<p>De\u0219i a trecut aproape un an de la cele men\u021bionate, nu au prezentat dovezi ce sus\u021bin acuza\u021biile lor. Astfel, aceste afirma\u021bii r\u0103m\u00e2n a fi ni\u0219te inven\u021bii sterile ale autorit\u0103\u021bilor de la Chisinau.<\/p>\n<\/div>\n","protected":false},"excerpt":{"rendered":"<div><img loading=\"lazy\" decoding=\"async\" width=\"696\" height=\"464\" src=\"https:\/\/canal5.md\/wp-content\/uploads\/2024\/02\/popsoi-1024x683-optimized.webp\" class=\"attachment-large size-large wp-post-image\" alt=\"\" srcset=\"https:\/\/canal5.md\/wp-content\/uploads\/2024\/02\/popsoi-1024x683-optimized.webp 1024w, https:\/\/canal5.md\/wp-content\/uploads\/2024\/02\/popsoi-300x200-optimized.webp 300w, https:\/\/canal5.md\/wp-content\/uploads\/2024\/02\/popsoi-768x512-optimized.webp 768w, https:\/\/canal5.md\/wp-content\/uploads\/2024\/02\/popsoi-1536x1024-optimized.webp 1536w, https:\/\/canal5.md\/wp-content\/uploads\/2024\/02\/popsoi-696x464-optimized.webp 696w, https:\/\/canal5.md\/wp-content\/uploads\/2024\/02\/popsoi-1068x712-optimized.webp 1068w, https:\/\/canal5.md\/wp-content\/uploads\/2024\/02\/popsoi-jpeg-optimized.webp 1600w\">Ministrul de Externe, Mihai Pop\u0219oi anun\u021b\u0103 c\u0103 Centrul Rus de \u0218tiin\u021b\u0103 \u0219i Cultur\u0103 ar putea fi \u00eenchis definitiv. Acesta a men\u021bionat c\u0103, Ministerul Culturii elaboreaz\u0103 proiectul Acordului \u00een baza c\u0103ruia activeaz\u0103 institu\u021bia, iar decizia va merge \u00een Guvern \u0219i Parlament. MUHAI POP\u0218OI, ministru de Externe Ministerul Culturii \u2013 care este responsabil de acordul din 1998 [\u2026]<\/div>\n","protected":false},"author":1,"featured_media":67478,"comment_status":"closed","ping_status":"closed","sticky":false,"template":"","format":"standard","meta":{"jnews-multi-image_gallery":[],"jnews_single_post":[],"jnews_primary_category":[],"jnews_social_meta":[],"jnews_override_counter":[],"footnotes":""},"categories":[23],"tags":[],"class_list":["post-67477","post","type-post","status-publish","format-standard","has-post-thumbnail","hentry","category-politica_ro"],"_links":{"self":[{"href":"https:\/\/orheifm.live\/index.php\/wp-json\/wp\/v2\/posts\/67477","targetHints":{"allow":["GET"]}}],"collection":[{"href":"https:\/\/orheifm.live\/index.php\/wp-json\/wp\/v2\/posts"}],"about":[{"href":"https:\/\/orheifm.live\/index.php\/wp-json\/wp\/v2\/types\/post"}],"author":[{"embeddable":true,"href":"https:\/\/orheifm.live\/index.php\/wp-json\/wp\/v2\/users\/1"}],"replies":[{"embeddable":true,"href":"https:\/\/orheifm.live\/index.php\/wp-json\/wp\/v2\/comments?post=67477"}],"version-history":[{"count":0,"href":"https:\/\/orheifm.live\/index.php\/wp-json\/wp\/v2\/posts\/67477\/revisions"}],"wp:featuredmedia":[{"embeddable":true,"href":"https:\/\/orheifm.live\/index.php\/wp-json\/wp\/v2\/media\/67478"}],"wp:attachment":[{"href":"https:\/\/orheifm.live\/index.php\/wp-json\/wp\/v2\/media?parent=67477"}],"wp:term":[{"taxonomy":"category","embeddable":true,"href":"https:\/\/orheifm.live\/index.php\/wp-json\/wp\/v2\/categories?post=67477"},{"taxonomy":"post_tag","embeddable":true,"href":"https:\/\/orheifm.live\/index.php\/wp-json\/wp\/v2\/tags?post=67477"}],"curies":[{"name":"wp","href":"https:\/\/api.w.org\/{rel}","templated":true}]}}