{"id":67475,"date":"2025-02-19T21:39:24","date_gmt":"2025-02-19T19:39:24","guid":{"rendered":"https:\/\/orheifm.live\/index.php\/2025\/02\/19\/noi-obstacole-pentru-accesul-canal5-in-guvern-acuzatii-de-standarde-duble-si-restrictii-arbitrare\/"},"modified":"2025-02-19T21:39:24","modified_gmt":"2025-02-19T19:39:24","slug":"noi-obstacole-pentru-accesul-canal5-in-guvern-acuzatii-de-standarde-duble-si-restrictii-arbitrare","status":"publish","type":"post","link":"https:\/\/orheifm.live\/index.php\/2025\/02\/19\/noi-obstacole-pentru-accesul-canal5-in-guvern-acuzatii-de-standarde-duble-si-restrictii-arbitrare\/","title":{"rendered":"Noi obstacole pentru accesul CANAL5 \u00een guvern: acuza\u021bii de standarde duble \u0219i restric\u021bii arbitrare."},"content":{"rendered":"<div>\n<p><strong>Consiliul de Pres\u0103 a refuzat postul nostru de televiziune s\u0103 semneze Codul deontologic pentru a putea fi acredida\u021bi la institu\u021biile de stat. \u00centr-un r\u0103spuns, institu\u021bia responsabil\u0103 ne-a declarat c\u0103 procedura de includere \u0219i excludere din \u201eLista semnatarilor Codului deontologic al jurnalistului din Republica Moldova este \u00een curs de elaborare, iar p\u00e2n\u0103 la aprobarea acestei proceduri, lista semnatarilor nu este actualizat\u0103\u201d. <\/strong><br \/>\n<iframe loading=\"lazy\" title=\"YouTube video player\" src=\"https:\/\/www.youtube.com\/embed\/n9U1DxmTt-E?si=4F3NxPVucv0bsT8X\" width=\"560\" height=\"315\" frameborder=\"0\" allowfullscreen=\"allowfullscreen\"><\/iframe><\/p>\n<p>Drept urmare, Canal 5 nici ast\u0103zi nu a putut intra \u00een cl\u0103direa Guvernului, unde \u00eens\u0103 au avut acces reprezentan\u021bii altor institu\u021bii media afiliate puterii, inclusiv cei care nu au semnat regulamentul impus nou\u0103.<\/p>\n<p>Consiliul de Pres\u0103 a refuzat postul nostru de televiziune s\u0103 semneze Codul deontologic pentru a putea fi acredida\u021bi la institu\u021biile de stat. \u00centr-un r\u0103spuns, institu\u021bia responsabil\u0103 ne-a declarat c\u0103 procedura de includere \u0219i excludere din \u201eLista semnatarilor Codului deontologic al jurnalistului din Republica Moldova este \u00een curs de elaborare, iar p\u00e2n\u0103 la aprobarea acestei proceduri, lista semnatarilor nu este actualizat\u0103\u201d.<\/p>\n<p>Drept urmare, Canal 5 nici ast\u0103zi nu a putut intra \u00een cl\u0103direa Guvernului, unde \u00eens\u0103 au avut acces reprezentan\u021bii altor institu\u021bii media afiliate puterii, dar care nu au semnat regulamentul impus nou\u0103.<\/p>\n<p>Potrivit unei decizii luate peste noapte de Guvern, institu\u021bia oblig\u0103 jurnali\u0219tii s\u0103 se acrediteze pentru a putea participa la activit\u0103\u021bile publice ale Executivului. Printre condi\u021biile impuse se num\u0103r\u0103 \u0219i semnarea Codului deontologic, un lucru pe care postul nostru de televiziune a vrut s\u0103-l \u00eendeplineasc\u0103.<\/p>\n<p>Am transmis o solicitare oficial\u0103 prin care am cerut semnarea acestui Cod, \u00eens\u0103 \u00eentr-un r\u0103spuns, reprezentan\u021bii Consiliului de Pres\u0103 au declarat c\u0103:\u201dLista semnatarilor Codului deontologic al jurnalistului din Republica Moldova este \u00een curs de elaborare, iar p\u00e2n\u0103 la aprobarea acestei proceduri, documentul nu este actualizat\u201d.<\/p>\n<p>Purt\u0103torul de cuv\u00e2nt al Executivului a mai c\u0103utat \u00eens\u0103 un motiv pentru a nu fi l\u0103sa\u021bi s\u0103 intr\u0103m \u00een Guvern, ca s\u0103 punem \u00eentreb\u0103ri, \u0219i l- a g\u0103sit.<\/p>\n<p>DANIEL VOD\u0102, purt\u0103torul de cuv\u00e2nt al Guvernului<\/p>\n<p>\u2013 \u00cen cazul postului dumneavoastr\u0103 de televiziune, problema principal\u0103 nu este subsemnarea codului deontologic doar, dar este vorba \u0219i de acte permisive pe care le are institu\u021bia media pe care o reprezenta\u021bi.<\/p>\n<p>Acum este un litigiu, un proces de judecat\u0103, \u00een cazul \u00een care \u00een procesul de judecat\u0103 se demonstreaz\u0103 \u00een istan\u021b\u0103 c\u0103 actele permisive sunt returnate, cu alte cuvinte ave\u021bi documentul prin care pute\u021bi s\u0103 func\u021biona\u021bi, pute\u021bi s\u0103 aplica\u021bi la Guvern pentru procedura de acreditare.<\/p>\n<p>Preciz\u0103m c\u0103 postul TV Canal 5 activeaz\u0103 \u00een regim online, \u00eentr-un domeniu care nu este \u00een responsabilitatea Consiliului pentru Investi\u021bii \u0219i asupra c\u0103ruia nu se aplic\u0103 decizia de retragere a licen\u021bei de difuzare.<\/p>\n<p>De asemenea, am examinat lista institu\u021biilor mass- media care au semnat Codul deontologic, iar \u00een aceasta nu figureaz\u0103 posturile de televiziune Exlusiv TV \u0219i One TV, despre care se spune c\u0103 sunt afiliate fostului ministru al Infrastructurii, Andrei Sp\u00eenu. Cu toate acestea, reprezentan\u021bii respectivelor institu\u021bii media au avut acces \u00een Guvern.<\/p>\n<p>DANIEL VOD\u0102, purt\u0103torul de cuv\u00e2nt al Guvernului<\/p>\n<p>\u2013 Acum \u00een cazul colegilor dumneavoastr\u0103, colegii intr\u0103 \u00een institu\u021bie pentru care sunt cu actele \u00een regul\u0103, adic\u0103 licen\u021bele de emisie pentru respectivele institu\u021bii sunt valabile, fapt care este confirmat de Consiliul Audio-Vizual, fapt care este confirmat inclusiv de verificarea care a f\u0103cut-o consiliul pentru investi\u021bii strategice.<\/p>\n<p>\u2013 Deci, cu alte cuvinte, cea mai scurt\u0103 condi\u021bie ca s\u0103 reveni\u021bi \u00een c\u00e2mpul de legalitate este 1. s\u0103 ave\u021bi acte permisive valabile, 2. s\u0103 aplica\u021bi la procedura de acreditare, 3. s\u0103 respecta\u021bi deontologia profesional\u0103.<\/p>\n<p>A\u0219adar, o sut\u0103 \u0219i una de scuze \u0219i standarde duble.<br \/>\nMen\u021bion\u0103m c\u0103, nu este pentru prima dat\u0103 c\u00e2nd echipa Canal 5 nu este l\u0103sat\u0103 s\u0103-\u0219i fac\u0103 meseria.<\/p>\n<p>De mai bine de dou\u0103 s\u0103pt\u0103m\u00e2ni nu mai putem participa la \u0219edin\u021bele guvernului sub pretextul c\u0103 trebuie s\u0103 semn\u0103m un cod deontologic, iar institu\u021bia pe care o reprezent\u0103m s\u0103 fie avizat\u0103 la consiliul audiovizualului. Asta de\u0219i, SRL-ul la care lucr\u0103m este o companie activ\u0103, iar noi ne desf\u0103\u0219ur\u0103m activitatea \u00een regim online, unde nu exist\u0103 astfel de restric\u021bii.<\/p>\n<\/div>\n","protected":false},"excerpt":{"rendered":"<div><img decoding=\"async\" width=\"320\" height=\"320\" src=\"https:\/\/canal5.md\/wp-content\/uploads\/2025\/02\/i-4-optimized.webp\" class=\"attachment-large size-large wp-post-image\" alt=\"\" loading=\"lazy\" srcset=\"https:\/\/canal5.md\/wp-content\/uploads\/2025\/02\/i-4-optimized.webp 320w, https:\/\/canal5.md\/wp-content\/uploads\/2025\/02\/i-4-300x300-optimized.webp 300w, https:\/\/canal5.md\/wp-content\/uploads\/2025\/02\/i-4-150x150-optimized.webp 150w\">Consiliul de Pres\u0103 a refuzat postul nostru de televiziune s\u0103 semneze Codul deontologic pentru a putea fi acredida\u021bi la institu\u021biile de stat. \u00centr-un r\u0103spuns, institu\u021bia responsabil\u0103 ne-a declarat c\u0103 procedura de includere \u0219i excludere din \u201eLista semnatarilor Codului deontologic al jurnalistului din Republica Moldova este \u00een curs de elaborare, iar p\u00e2n\u0103 la aprobarea acestei proceduri, [\u2026]<\/div>\n","protected":false},"author":1,"featured_media":67476,"comment_status":"closed","ping_status":"closed","sticky":false,"template":"","format":"standard","meta":{"jnews-multi-image_gallery":[],"jnews_single_post":[],"jnews_primary_category":[],"jnews_social_meta":[],"jnews_override_counter":[],"footnotes":""},"categories":[23],"tags":[],"class_list":["post-67475","post","type-post","status-publish","format-standard","has-post-thumbnail","hentry","category-politica_ro"],"_links":{"self":[{"href":"https:\/\/orheifm.live\/index.php\/wp-json\/wp\/v2\/posts\/67475","targetHints":{"allow":["GET"]}}],"collection":[{"href":"https:\/\/orheifm.live\/index.php\/wp-json\/wp\/v2\/posts"}],"about":[{"href":"https:\/\/orheifm.live\/index.php\/wp-json\/wp\/v2\/types\/post"}],"author":[{"embeddable":true,"href":"https:\/\/orheifm.live\/index.php\/wp-json\/wp\/v2\/users\/1"}],"replies":[{"embeddable":true,"href":"https:\/\/orheifm.live\/index.php\/wp-json\/wp\/v2\/comments?post=67475"}],"version-history":[{"count":0,"href":"https:\/\/orheifm.live\/index.php\/wp-json\/wp\/v2\/posts\/67475\/revisions"}],"wp:featuredmedia":[{"embeddable":true,"href":"https:\/\/orheifm.live\/index.php\/wp-json\/wp\/v2\/media\/67476"}],"wp:attachment":[{"href":"https:\/\/orheifm.live\/index.php\/wp-json\/wp\/v2\/media?parent=67475"}],"wp:term":[{"taxonomy":"category","embeddable":true,"href":"https:\/\/orheifm.live\/index.php\/wp-json\/wp\/v2\/categories?post=67475"},{"taxonomy":"post_tag","embeddable":true,"href":"https:\/\/orheifm.live\/index.php\/wp-json\/wp\/v2\/tags?post=67475"}],"curies":[{"name":"wp","href":"https:\/\/api.w.org\/{rel}","templated":true}]}}