{"id":67473,"date":"2025-02-19T21:32:31","date_gmt":"2025-02-19T19:32:31","guid":{"rendered":"https:\/\/orheifm.live\/index.php\/2025\/02\/19\/maria-zaharova-inchiderea-centrului-rus-este-o-josnicie-fata-de-poporul-moldovenesc-video\/"},"modified":"2025-02-19T21:32:31","modified_gmt":"2025-02-19T19:32:31","slug":"maria-zaharova-inchiderea-centrului-rus-este-o-josnicie-fata-de-poporul-moldovenesc-video","status":"publish","type":"post","link":"https:\/\/orheifm.live\/index.php\/2025\/02\/19\/maria-zaharova-inchiderea-centrului-rus-este-o-josnicie-fata-de-poporul-moldovenesc-video\/","title":{"rendered":"Maria Zaharova: \u00cenchiderea Centrului Rus este o josnicie fa\u021b\u0103 de poporul moldovenesc |VIDEO"},"content":{"rendered":"<div>\n<p><strong> Ini\u021biativa autorit\u0103\u021bilor din Moldova de a \u00eenchide Centrul Rus de \u0218tiin\u021b\u0103 \u0219i Cultur\u0103 este un alt pas pentru agravarea rela\u021biilor moldo-ruse. A\u0219a a comentat Ministerul Afacerilor Externe al Rusiei aceast\u0103 decizie, numind-o distructiv\u0103 nu doar pentru dialogul dintre cele dou\u0103 \u021b\u0103ri, ci \u0219i un atac asupra locuitorilor republicii, pentru care limba \u0219i cultura rus\u0103 r\u0103m\u00e2n o parte esen\u021bial\u0103 a vie\u021bii. Reprezentanta oficial\u0103 a diploma\u021biei de la Moscova, Maria Zaharova, \u0219i-a exprimat speran\u021ba c\u0103, la Chi\u0219in\u0103u, va prevala totu\u0219i bunul sim\u021b \u0219i respectul fa\u021b\u0103 de propriii cet\u0103\u021beni.<\/strong><\/p>\n<p>Planurile de a \u00eenchide Centrul Rus de \u0218tiin\u021b\u0103 \u0219i Cultur\u0103 de la Chi\u0219in\u0103u reprezint\u0103 o nou\u0103 manifestare a cursului anti-rus al autorit\u0103\u021bilor din Moldova \u0219i o tr\u0103dare fa\u021b\u0103 de propriul popor. Aceasta este pozi\u021bia Moscovei, exprimat\u0103 de c\u0103tre reprezentanta oficial\u0103 a Ministerului Afacerilor Externe al Federa\u021biei Ruse, Maria Zaharova, care a comentat declara\u021bia oficial\u0103 a Chi\u0219in\u0103ului privind inten\u021bia de a denun\u021ba acordul interguvernamental ruso-moldovean din 1998 referitor la centrele culturale.<\/p>\n<p>MARIA ZAHAROVA, reprezentant oficial MAE Federa\u021bia Rus\u0103<\/p>\n<p>Noi consider\u0103m aceast\u0103 decizie ca o nou\u0103 manifestare a cursului anti-rus al actualelor autorit\u0103\u021bi moldovene\u0219ti \u0219i o tr\u0103dare fa\u021b\u0103 de propriul popor moldovean.<\/p>\n<p>Este important de men\u021bionat c\u0103 implementarea acestei decizii va lovi, \u00een primul r\u00e2nd, numero\u0219ii locuitori ai Moldovei, pentru care limba \u0219i cultura rus\u0103 sunt o parte integrant\u0103 a vie\u021bii. Voi prezenta doar c\u00e2teva statistici. Limba rus\u0103 este cunoscut\u0103 de 80% dintre moldoveni. Conform recens\u0103m\u00e2ntului popula\u021biei din 2024, pentru mai mult de 11% dintre ace\u0219tia, limba rus\u0103 este limba matern\u0103.<\/p>\n<p>\u00cen ciuda eforturilor autorit\u0103\u021bilor de a dezrusifica \u021bara \u2013 \u0219i ce nu au \u00eencercat s\u0103 fac\u0103 \u2013 acest indicator a crescut cu 12% fa\u021b\u0103 recens\u0103m\u00e2ntul din 2014. Dac\u0103 ad\u0103ug\u0103m situa\u021bia lingvistic\u0103 din Transnistria, cifrele vor fi mult mai mari. De asemenea, educa\u021bia rus\u0103 r\u0103m\u00e2ne cerut\u0103, iar posibilit\u0103\u021bile de a o ob\u021bine sunt deschise tocmai prin intermediul \u201eCasei Ruse\u201d.<\/p>\n<p>Maria Zaharova a subliniat c\u0103 \u00eenchiderea Centrului Rus de \u0218tiin\u021b\u0103 \u0219i Cultur\u0103 a fost prezentat\u0103 de Chi\u0219in\u0103u drept r\u0103spuns la presupusa \u00eenc\u0103lcare a spa\u021biului aerian al Republicii Moldova de dronele de origine rus\u0103.<\/p>\n<p>De\u0219i, p\u00e2n\u0103 acum, nu au fost prezentate dovezi. Zaharova a mai atras aten\u021bia asupra faptului c\u0103 decizia de a denun\u021ba acordul a generat o reac\u021bie negativ\u0103 larg\u0103 \u00een Moldova, men\u021bion\u00e2nd protestul din 15 februarie de l\u00e2ng\u0103 cl\u0103direa Ministerului Afacerilor Externe al Moldovei, \u00een cadrul c\u0103ruia s-a cerut p\u0103strarea Centrului Rus. Purt\u0103torul de cuv\u00e2nt al Moscovei a exprimat speran\u021ba c\u0103 partea moldovean\u0103 va mai analiza aceast\u0103 decizie.<\/p>\n<p>MARIA ZAHAROVA, reprezentant oficial MAE Federa\u021bia Rus\u0103<\/p>\n<p>P\u00e2n\u0103 \u00een prezent, \u201eCasa Rus\u0103\u201d din Moldova continu\u0103 s\u0103 func\u021bioneze. Nu a fost primit un aviz \u00een scris privind denun\u021barea acordului din partea autorit\u0103\u021bilor moldovene\u0219ti. Dac\u0103 acest aviz va fi primit, atunci, din punct de vedere juridic, acordul va r\u0103m\u00e2ne \u00een vigoare p\u00e2n\u0103 la mijlocul anului 2026.<\/p>\n<p>Sper\u0103m c\u0103 bunul sim\u021b \u0219i respectul fa\u021b\u0103 de propriii cet\u0103\u021beni vor \u00eenvinge \u0219i c\u0103 autorit\u0103\u021bile de la Chi\u0219in\u0103u se vor ab\u021bine de la asemenea pa\u0219i distrugtivi, inclusiv pentru ele.<\/p>\n<p>Amintim c\u0103 Ministerul Afacerilor Externe al Moldovei a luat decizia de a denun\u021ba acordul privind crearea Centrului Rus de \u0218tiin\u021b\u0103 \u0219i Cultur\u0103 dup\u0103 ce, \u00een noaptea de 13 februarie, au fost descoperite resturi a trei drone \u00een sudul \u021b\u0103rii. Potrivit informa\u021biilor ap\u0103rute \u00een spa\u021biul public, dronele sunt ruse\u0219ti \u0219i ar fi traversat ilegal spa\u021biul aerian al republicii, asta de\u0219i p\u00e2n\u0103 \u00een prezent nu au fost anun\u021bate rezultatele anchetei demarate pentru a stabili provenien\u021ba acestora.<\/p>\n<p>Centrul Rus a \u00eenceput s\u0103 func\u021bioneze la Chi\u0219in\u0103u \u00een februarie 2009. Pe site-ul organiza\u021biei se men\u021bioneaz\u0103 c\u0103 aceasta se ocup\u0103 cu \u201epromovarea culturii ruse, educa\u021biei \u0219i \u0219tiin\u021bei ruse\u0219ti; sprijinirea cona\u021bionalilor; consolidarea pozi\u021biiei limbii ruse; conservarea patrimoniului istoric \u0219i memorial; diploma\u021bia public\u0103 \u0219i schimburile de experien\u021b\u0103\u201d.<\/p>\n<\/div>\n","protected":false},"excerpt":{"rendered":"<div><img loading=\"lazy\" decoding=\"async\" width=\"566\" height=\"409\" src=\"https:\/\/canal5.md\/wp-content\/uploads\/2025\/02\/v3vaft0kn3w20hne79fpuk25jv1d4umj-optimized.jpg\" class=\"attachment-large size-large wp-post-image\" alt=\"\" srcset=\"https:\/\/canal5.md\/wp-content\/uploads\/2025\/02\/v3vaft0kn3w20hne79fpuk25jv1d4umj-optimized.jpg 566w, https:\/\/canal5.md\/wp-content\/uploads\/2025\/02\/v3vaft0kn3w20hne79fpuk25jv1d4umj-300x217-optimized.jpg 300w, https:\/\/canal5.md\/wp-content\/uploads\/2025\/02\/v3vaft0kn3w20hne79fpuk25jv1d4umj-324x235-optimized.jpg 324w\">Ini\u021biativa autorit\u0103\u021bilor din Moldova de a \u00eenchide Centrul Rus de \u0218tiin\u021b\u0103 \u0219i Cultur\u0103 este un alt pas pentru agravarea rela\u021biilor moldo-ruse. A\u0219a a comentat Ministerul Afacerilor Externe al Rusiei aceast\u0103 decizie, numind-o distructiv\u0103 nu doar pentru dialogul dintre cele dou\u0103 \u021b\u0103ri, ci \u0219i un atac asupra locuitorilor republicii, pentru care limba \u0219i cultura rus\u0103 r\u0103m\u00e2n [\u2026]<\/div>\n","protected":false},"author":1,"featured_media":67474,"comment_status":"closed","ping_status":"closed","sticky":false,"template":"","format":"standard","meta":{"jnews-multi-image_gallery":[],"jnews_single_post":[],"jnews_primary_category":[],"jnews_social_meta":[],"jnews_override_counter":[],"footnotes":""},"categories":[23],"tags":[],"class_list":["post-67473","post","type-post","status-publish","format-standard","has-post-thumbnail","hentry","category-politica_ro"],"_links":{"self":[{"href":"https:\/\/orheifm.live\/index.php\/wp-json\/wp\/v2\/posts\/67473","targetHints":{"allow":["GET"]}}],"collection":[{"href":"https:\/\/orheifm.live\/index.php\/wp-json\/wp\/v2\/posts"}],"about":[{"href":"https:\/\/orheifm.live\/index.php\/wp-json\/wp\/v2\/types\/post"}],"author":[{"embeddable":true,"href":"https:\/\/orheifm.live\/index.php\/wp-json\/wp\/v2\/users\/1"}],"replies":[{"embeddable":true,"href":"https:\/\/orheifm.live\/index.php\/wp-json\/wp\/v2\/comments?post=67473"}],"version-history":[{"count":0,"href":"https:\/\/orheifm.live\/index.php\/wp-json\/wp\/v2\/posts\/67473\/revisions"}],"wp:featuredmedia":[{"embeddable":true,"href":"https:\/\/orheifm.live\/index.php\/wp-json\/wp\/v2\/media\/67474"}],"wp:attachment":[{"href":"https:\/\/orheifm.live\/index.php\/wp-json\/wp\/v2\/media?parent=67473"}],"wp:term":[{"taxonomy":"category","embeddable":true,"href":"https:\/\/orheifm.live\/index.php\/wp-json\/wp\/v2\/categories?post=67473"},{"taxonomy":"post_tag","embeddable":true,"href":"https:\/\/orheifm.live\/index.php\/wp-json\/wp\/v2\/tags?post=67473"}],"curies":[{"name":"wp","href":"https:\/\/api.w.org\/{rel}","templated":true}]}}