{"id":67469,"date":"2025-02-19T20:07:09","date_gmt":"2025-02-19T18:07:09","guid":{"rendered":"https:\/\/orheifm.live\/index.php\/2025\/02\/19\/calitatea-aerului-in-chisinau-si-balti-depasiri-ale-normelor\/"},"modified":"2025-02-19T20:07:09","modified_gmt":"2025-02-19T18:07:09","slug":"calitatea-aerului-in-chisinau-si-balti-depasiri-ale-normelor","status":"publish","type":"post","link":"https:\/\/orheifm.live\/index.php\/2025\/02\/19\/calitatea-aerului-in-chisinau-si-balti-depasiri-ale-normelor\/","title":{"rendered":"Calitatea aerului \u00een Chi\u0219in\u0103u \u0219i B\u0103l\u021bi: Dep\u0103\u0219iri ale normelor"},"content":{"rendered":"<div>\n<p><strong>Agen\u021bia de Mediu informeaz\u0103 c\u0103 \u00een ultimele 24 de ore influen\u021ba frontului atmosferic \u0219i advec\u021bia aerului rece nu au contribuit la acumularea intensiv\u0103 a poluan\u021bilor \u00een aer. Dep\u0103\u0219iri ale normelor sanitare s-au atestat pentru perioade scurte de timp.<\/strong><\/p>\n<p>Mai exact, concentra\u021bia maxim\u0103 admisibil\u0103 pentru media zilnic\u0103 a fost dep\u0103\u0219it\u0103 \u00een municipiul Chi\u0219in\u0103u pentru dioxid de azot de 1,1 ori \u0219i pentru monoxid de azot \u2013 de 1,2 ori, pe c\u00e2nd \u00een municipiul B\u0103l\u021bi de 1,6 ori, transmite\u00a0<b>\u0218tiri.md.<\/b><\/p>\n<p>\u00cen data de 17 februarie valorile \u00eenregistrate ale poluan\u021bilor monitoriza\u021bi la sta\u021bia automat\u0103 din Chi\u0219in\u0103u \u0219i sta\u021bia automat\u0103 din satul Mateu\u0163i, raionul Rezina s-au \u00eencadrat \u00een limitele stabilite.<\/p>\n<p>\u201eValorile debitului dozei ambientale a radia\u0163iei gama \u00een data de 17 februarie se situeaz\u0103 \u00een intervalul 0,08-0,17 \u03bcSv\/h \u0219i diminea\u021ba de 18 februarie \u2013 0,08-0,19 \u03bcSv\/h. Valorile echivalentului dozei ambientale a radia\u0163iei gama se \u00eencadreaz\u0103 \u00een limitele fondului radiativ natural, \u00een \u00a0conformitate cu normele fundamentale de radioprotec\u0163ie (limita de avertizare \u2013 0,25 mSv\/h)\u201d, explic\u0103 reprezentan\u021bii Agen\u021biei de Mediu.<\/p>\n<p>De men\u021bionat c\u0103 \u00een intervalul 18-19 februarie lipsa straturilor de re\u021binere nu va contribui la acumularea intensiv\u0103 a poluan\u021bilor \u00een aer.<\/p>\n<p>\u201eNu sunt excluse dep\u0103\u0219iri ale normelor sanitare \u00een apropierea zonelor industriale \u0219i \u00een locurile cu \u00a0trafic aglomerat\u201d, concretizeaz\u0103 speciali\u0219ii.<\/p>\n<\/div>\n","protected":false},"excerpt":{"rendered":"<div><img loading=\"lazy\" decoding=\"async\" width=\"696\" height=\"392\" src=\"https:\/\/canal5.md\/wp-content\/uploads\/2025\/02\/cd29341937bcb6616d4bda8561e2bcaa-optimized.jpg\" class=\"attachment-large size-large wp-post-image\" alt=\"\" srcset=\"https:\/\/canal5.md\/wp-content\/uploads\/2025\/02\/cd29341937bcb6616d4bda8561e2bcaa-optimized.jpg 809w, https:\/\/canal5.md\/wp-content\/uploads\/2025\/02\/cd29341937bcb6616d4bda8561e2bcaa-300x169-optimized.jpg 300w, https:\/\/canal5.md\/wp-content\/uploads\/2025\/02\/cd29341937bcb6616d4bda8561e2bcaa-768x433-optimized.jpg 768w, https:\/\/canal5.md\/wp-content\/uploads\/2025\/02\/cd29341937bcb6616d4bda8561e2bcaa-696x392-optimized.jpg 696w\">Agen\u021bia de Mediu informeaz\u0103 c\u0103 \u00een ultimele 24 de ore influen\u021ba frontului atmosferic \u0219i advec\u021bia aerului rece nu au contribuit la acumularea intensiv\u0103 a poluan\u021bilor \u00een aer. Dep\u0103\u0219iri ale normelor sanitare s-au atestat pentru perioade scurte de timp. Mai exact, concentra\u021bia maxim\u0103 admisibil\u0103 pentru media zilnic\u0103 a fost dep\u0103\u0219it\u0103 \u00een municipiul Chi\u0219in\u0103u pentru dioxid de [\u2026]<\/div>\n","protected":false},"author":1,"featured_media":67470,"comment_status":"closed","ping_status":"closed","sticky":false,"template":"","format":"standard","meta":{"jnews-multi-image_gallery":[],"jnews_single_post":[],"jnews_primary_category":[],"jnews_social_meta":[],"jnews_override_counter":[],"footnotes":""},"categories":[30],"tags":[],"class_list":["post-67469","post","type-post","status-publish","format-standard","has-post-thumbnail","hentry","category-social_ro"],"_links":{"self":[{"href":"https:\/\/orheifm.live\/index.php\/wp-json\/wp\/v2\/posts\/67469","targetHints":{"allow":["GET"]}}],"collection":[{"href":"https:\/\/orheifm.live\/index.php\/wp-json\/wp\/v2\/posts"}],"about":[{"href":"https:\/\/orheifm.live\/index.php\/wp-json\/wp\/v2\/types\/post"}],"author":[{"embeddable":true,"href":"https:\/\/orheifm.live\/index.php\/wp-json\/wp\/v2\/users\/1"}],"replies":[{"embeddable":true,"href":"https:\/\/orheifm.live\/index.php\/wp-json\/wp\/v2\/comments?post=67469"}],"version-history":[{"count":0,"href":"https:\/\/orheifm.live\/index.php\/wp-json\/wp\/v2\/posts\/67469\/revisions"}],"wp:featuredmedia":[{"embeddable":true,"href":"https:\/\/orheifm.live\/index.php\/wp-json\/wp\/v2\/media\/67470"}],"wp:attachment":[{"href":"https:\/\/orheifm.live\/index.php\/wp-json\/wp\/v2\/media?parent=67469"}],"wp:term":[{"taxonomy":"category","embeddable":true,"href":"https:\/\/orheifm.live\/index.php\/wp-json\/wp\/v2\/categories?post=67469"},{"taxonomy":"post_tag","embeddable":true,"href":"https:\/\/orheifm.live\/index.php\/wp-json\/wp\/v2\/tags?post=67469"}],"curies":[{"name":"wp","href":"https:\/\/api.w.org\/{rel}","templated":true}]}}