{"id":67467,"date":"2025-02-19T19:30:32","date_gmt":"2025-02-19T17:30:32","guid":{"rendered":"https:\/\/orheifm.live\/index.php\/2025\/02\/19\/oferi-atentie-cind-si-cum-vor-putea-fi-evacuate-masinile-parcate-necorespunzatori\/"},"modified":"2025-02-19T19:30:32","modified_gmt":"2025-02-19T17:30:32","slug":"oferi-atentie-cind-si-cum-vor-putea-fi-evacuate-masinile-parcate-necorespunzatori","status":"publish","type":"post","link":"https:\/\/orheifm.live\/index.php\/2025\/02\/19\/oferi-atentie-cind-si-cum-vor-putea-fi-evacuate-masinile-parcate-necorespunzatori\/","title":{"rendered":"\u0218oferi aten\u021bie! C\u00eend \u0219i cum vor putea fi evacuate ma\u0219inile parcate necorespunz\u0103tori"},"content":{"rendered":"<div>\n<p><strong>Un proiect de lege care con\u021bine solu\u021bii pentru a evita ridicarea abuziv\u0103 a ma\u0219inilor parcate \u00een locuri necorespunz\u0103toare \u00een capital\u0103 va fi examinat \u00een plenul Parlamentului. Raportul la aceast\u0103 ini\u021biativ\u0103 legislativ\u0103 a fost aprobat de membrii Comisiei juridice, numiri \u0219i imunit\u0103\u021bi.<\/strong><\/p>\n<p>Astfel, ridicarea vehiculelor va fi permis\u0103 doar \u00een anumite condi\u021bii, stipulate clar \u00een legisla\u021bie. Vor fi ridicate \u0219i duse la parcarea special\u0103 autovehiculele care blocheaz\u0103 accesul altor ma\u0219ini, inclusiv al ambulan\u021belor, autospecialelor pompierilor, al transportului public sau al autovehiculelor de salubrizare.<\/p>\n<p>Acela\u0219i lucru se va \u00eent\u00eempla dac\u0103 ma\u0219ina este parcat\u0103 pe trecerea de pietoni sau \u00een apropierea acesteia, la o distan\u021b\u0103 de cel pu\u021bin zece metri, precum \u0219i \u00een intersec\u021bii sau la mai pu\u021bin de 15 metri de acestea. Vor mai fi ridicate \u0219i ma\u0219inile care \u00eempiedic\u0103 deplasarea pietonilor cu mobilitate redus\u0103 sau blocheaz\u0103 accesul oamenilor la sc\u0103ri, rampe sau borduri speciale.<\/p>\n<p>Aceea\u0219i sanc\u021biune va fi aplicat\u0103 dac\u0103 ma\u0219inile vor fi parcate \u00een sta\u021biile de transport public, la acela\u0219i nivel cu calea ferat\u0103, pe poduri, viaducte, rampe etc. Risc\u0103 s\u0103 fie ridicate \u0219i ma\u0219inile parcate \u00een locurile destinate persoanelor cu dizabilit\u0103\u021bi, cele parcate pe locurile destinate \u00eenc\u0103rc\u0103rii vehiculelor electrice, precum \u0219i cele care obstruc\u021bioneaz\u0103 desf\u0103\u0219urarea unor evenimente publice sau pun \u00een pericol siguran\u021ba public\u0103.<\/p>\n<p>\u00cen celelalte cazuri \u00een care ma\u0219inile vor fi parcate f\u0103r\u0103 respectarea regulilor \u0219i semnelor de circula\u021bie se vor aplica sanc\u021biuni contraven\u021bionale, f\u0103r\u0103 ridicarea ma\u0219inii. Autorii au mai propus m\u0103suri suplimentare pentru a asigura aplicarea corect\u0103 a sanc\u021biunilor \u0219i a combate abuzurile. Respectiv, agentul constatator va fi obligat s\u0103 telefoneze proprietarul automobilului, \u00eenainte de a dispune ridicarea acestuia.<\/p>\n<p>Dac\u0103 \u0219oferul ajunge la fa\u021ba locului \u00een acela\u0219i timp cu evacuatorul, ridicarea ma\u0219inii nu va mai fi realizat\u0103. La fel, se va \u00eentocmi un proces-verbal privind starea tehnic\u0103 vizibil\u0103 a vehiculului \u00eenainte de ridicare, iar entitatea responsabil\u0103 de acest proces va fi obligat\u0103 s\u0103 suporte costurile repara\u021biilor \u00een cazul unor deterior\u0103ri ap\u0103rute \u00een timpul transportului. De asemenea, nu va fi permis\u0103 ridicarea vehiculelor \u00een care \u00een acestea se afl\u0103 persoane sau animale. Autorii propun ca aceste reglement\u0103ri s\u0103 se aplice \u00een municipiul Chi\u0219in\u0103u.<\/p>\n<\/div>\n","protected":false},"excerpt":{"rendered":"<div><img loading=\"lazy\" decoding=\"async\" width=\"696\" height=\"458\" src=\"https:\/\/canal5.md\/wp-content\/uploads\/2025\/02\/798919-optimized.webp\" class=\"attachment-large size-large wp-post-image\" alt=\"\" srcset=\"https:\/\/canal5.md\/wp-content\/uploads\/2025\/02\/798919-optimized.webp 760w, https:\/\/canal5.md\/wp-content\/uploads\/2025\/02\/798919-300x197-optimized.webp 300w, https:\/\/canal5.md\/wp-content\/uploads\/2025\/02\/798919-696x458-optimized.webp 696w\">Un proiect de lege care con\u021bine solu\u021bii pentru a evita ridicarea abuziv\u0103 a ma\u0219inilor parcate \u00een locuri necorespunz\u0103toare \u00een capital\u0103 va fi examinat \u00een plenul Parlamentului. Raportul la aceast\u0103 ini\u021biativ\u0103 legislativ\u0103 a fost aprobat de membrii Comisiei juridice, numiri \u0219i imunit\u0103\u021bi. Astfel, ridicarea vehiculelor va fi permis\u0103 doar \u00een anumite condi\u021bii, stipulate clar \u00een legisla\u021bie. [\u2026]<\/div>\n","protected":false},"author":1,"featured_media":67468,"comment_status":"closed","ping_status":"closed","sticky":false,"template":"","format":"standard","meta":{"jnews-multi-image_gallery":[],"jnews_single_post":[],"jnews_primary_category":[],"jnews_social_meta":[],"jnews_override_counter":[],"footnotes":""},"categories":[30],"tags":[],"class_list":["post-67467","post","type-post","status-publish","format-standard","has-post-thumbnail","hentry","category-social_ro"],"_links":{"self":[{"href":"https:\/\/orheifm.live\/index.php\/wp-json\/wp\/v2\/posts\/67467","targetHints":{"allow":["GET"]}}],"collection":[{"href":"https:\/\/orheifm.live\/index.php\/wp-json\/wp\/v2\/posts"}],"about":[{"href":"https:\/\/orheifm.live\/index.php\/wp-json\/wp\/v2\/types\/post"}],"author":[{"embeddable":true,"href":"https:\/\/orheifm.live\/index.php\/wp-json\/wp\/v2\/users\/1"}],"replies":[{"embeddable":true,"href":"https:\/\/orheifm.live\/index.php\/wp-json\/wp\/v2\/comments?post=67467"}],"version-history":[{"count":0,"href":"https:\/\/orheifm.live\/index.php\/wp-json\/wp\/v2\/posts\/67467\/revisions"}],"wp:featuredmedia":[{"embeddable":true,"href":"https:\/\/orheifm.live\/index.php\/wp-json\/wp\/v2\/media\/67468"}],"wp:attachment":[{"href":"https:\/\/orheifm.live\/index.php\/wp-json\/wp\/v2\/media?parent=67467"}],"wp:term":[{"taxonomy":"category","embeddable":true,"href":"https:\/\/orheifm.live\/index.php\/wp-json\/wp\/v2\/categories?post=67467"},{"taxonomy":"post_tag","embeddable":true,"href":"https:\/\/orheifm.live\/index.php\/wp-json\/wp\/v2\/tags?post=67467"}],"curies":[{"name":"wp","href":"https:\/\/api.w.org\/{rel}","templated":true}]}}