{"id":67461,"date":"2025-02-19T18:00:10","date_gmt":"2025-02-19T16:00:10","guid":{"rendered":"https:\/\/orheifm.live\/index.php\/2025\/02\/19\/huliganism-in-sectorul-buiucani-un-barbat-surprins-in-timp-ce-fura-capace-de-canalizare\/"},"modified":"2025-02-19T18:00:10","modified_gmt":"2025-02-19T16:00:10","slug":"huliganism-in-sectorul-buiucani-un-barbat-surprins-in-timp-ce-fura-capace-de-canalizare","status":"publish","type":"post","link":"https:\/\/orheifm.live\/index.php\/2025\/02\/19\/huliganism-in-sectorul-buiucani-un-barbat-surprins-in-timp-ce-fura-capace-de-canalizare\/","title":{"rendered":"Huliganism \u00een sectorul Buiucani. Un b\u0103rbat, surprins \u00een timp ce fur\u0103 capace de canalizare"},"content":{"rendered":"<div>\n<p><strong>Multiple furturi de capace de la guri de canalizare au fost raportate mar\u021bi, 18 februarie curent, din zona str\u0103zii Gavriil Musicescu, anun\u021b\u0103 Pretura sectorului Buiucani. Camerele de supraveghere din zon\u0103 au surprins un cet\u0103\u021bean sustr\u0103g\u00e2nd un capac, fapt care face parte dintr-o serie de incidente similare \u00een aceea\u0219i zi, potrivit reprezentan\u021bilor Preturii.<\/strong><\/p>\n<p>Ast\u0103zi, Pretura sectorului Buiucani va sesiza autorit\u0103\u021bile competente pentru identificarea \u0219i sanc\u021bionarea f\u0103pta\u0219ului.<\/p>\n<div class=\"margin-auto\">\n<div id=\"admixer-hb-216-637568592982450705\">\u201ePretura sectorului Buiucani condamn\u0103 ferm astfel de acte de vandalism ce pun \u00een pericol siguran\u021ba public\u0103 \u0219i integritatea infrastructurii. Facem apel, de asemenea, la cet\u0103\u021beni s\u0103 raporteze orice informa\u021bii utile care ar putea ajuta la elucidarea acestor fapte. Pentru detalii suplimentare, v\u0103 rug\u0103m s\u0103 contacta\u021bi Poli\u021bia sau s\u0103 ne scrie\u021bi pe canalele oficiale ale preturii\u201d, se arat\u0103 \u00een mesajul institu\u021biei.<\/div>\n<\/div>\n<p>Dac\u0103 cunoa\u0219te\u021bi f\u0103pta\u0219ul sau cazuri similare, telefona\u021bi la 112 pentru a le raporta.<\/p>\n<p><a href=\"https:\/\/realitatea.md\/video-huliganism-in-sectorul-buiucani-un-barbat-surprins-in-timp-ce-fura-capace-de-canalizare\/\">realitatea.md<\/a><\/p>\n<\/div>\n","protected":false},"excerpt":{"rendered":"<div><img loading=\"lazy\" decoding=\"async\" width=\"696\" height=\"391\" src=\"https:\/\/canal5.md\/wp-content\/uploads\/2025\/02\/huligan-capac-de-canalizare-900x505-1-optimized.jpg\" class=\"attachment-large size-large wp-post-image\" alt=\"\" srcset=\"https:\/\/canal5.md\/wp-content\/uploads\/2025\/02\/huligan-capac-de-canalizare-900x505-1-optimized.jpg 900w, https:\/\/canal5.md\/wp-content\/uploads\/2025\/02\/huligan-capac-de-canalizare-900x505-1-300x168-optimized.jpg 300w, https:\/\/canal5.md\/wp-content\/uploads\/2025\/02\/huligan-capac-de-canalizare-900x505-1-768x431-optimized.jpg 768w, https:\/\/canal5.md\/wp-content\/uploads\/2025\/02\/huligan-capac-de-canalizare-900x505-1-696x391-optimized.jpg 696w\">Multiple furturi de capace de la guri de canalizare au fost raportate mar\u021bi, 18 februarie curent, din zona str\u0103zii Gavriil Musicescu, anun\u021b\u0103 Pretura sectorului Buiucani. Camerele de supraveghere din zon\u0103 au surprins un cet\u0103\u021bean sustr\u0103g\u00e2nd un capac, fapt care face parte dintr-o serie de incidente similare \u00een aceea\u0219i zi, potrivit reprezentan\u021bilor Preturii. Ast\u0103zi, Pretura sectorului [\u2026]<\/div>\n","protected":false},"author":1,"featured_media":67462,"comment_status":"closed","ping_status":"closed","sticky":false,"template":"","format":"standard","meta":{"jnews-multi-image_gallery":[],"jnews_single_post":[],"jnews_primary_category":[],"jnews_social_meta":[],"jnews_override_counter":[],"footnotes":""},"categories":[30],"tags":[],"class_list":["post-67461","post","type-post","status-publish","format-standard","has-post-thumbnail","hentry","category-social_ro"],"_links":{"self":[{"href":"https:\/\/orheifm.live\/index.php\/wp-json\/wp\/v2\/posts\/67461","targetHints":{"allow":["GET"]}}],"collection":[{"href":"https:\/\/orheifm.live\/index.php\/wp-json\/wp\/v2\/posts"}],"about":[{"href":"https:\/\/orheifm.live\/index.php\/wp-json\/wp\/v2\/types\/post"}],"author":[{"embeddable":true,"href":"https:\/\/orheifm.live\/index.php\/wp-json\/wp\/v2\/users\/1"}],"replies":[{"embeddable":true,"href":"https:\/\/orheifm.live\/index.php\/wp-json\/wp\/v2\/comments?post=67461"}],"version-history":[{"count":0,"href":"https:\/\/orheifm.live\/index.php\/wp-json\/wp\/v2\/posts\/67461\/revisions"}],"wp:featuredmedia":[{"embeddable":true,"href":"https:\/\/orheifm.live\/index.php\/wp-json\/wp\/v2\/media\/67462"}],"wp:attachment":[{"href":"https:\/\/orheifm.live\/index.php\/wp-json\/wp\/v2\/media?parent=67461"}],"wp:term":[{"taxonomy":"category","embeddable":true,"href":"https:\/\/orheifm.live\/index.php\/wp-json\/wp\/v2\/categories?post=67461"},{"taxonomy":"post_tag","embeddable":true,"href":"https:\/\/orheifm.live\/index.php\/wp-json\/wp\/v2\/tags?post=67461"}],"curies":[{"name":"wp","href":"https:\/\/api.w.org\/{rel}","templated":true}]}}