{"id":67455,"date":"2025-02-19T17:19:23","date_gmt":"2025-02-19T15:19:23","guid":{"rendered":"https:\/\/orheifm.live\/index.php\/2025\/02\/19\/trei-barbati-condamnati-pentru-viol-si-privare-de-libertate-pedepse-de-pana-la-13-ani\/"},"modified":"2025-02-19T17:19:23","modified_gmt":"2025-02-19T15:19:23","slug":"trei-barbati-condamnati-pentru-viol-si-privare-de-libertate-pedepse-de-pana-la-13-ani","status":"publish","type":"post","link":"https:\/\/orheifm.live\/index.php\/2025\/02\/19\/trei-barbati-condamnati-pentru-viol-si-privare-de-libertate-pedepse-de-pana-la-13-ani\/","title":{"rendered":"Trei b\u0103rba\u021bi condamna\u021bi pentru viol \u0219i privare de libertate: Pedepse de p\u00e2n\u0103 la 13 ani"},"content":{"rendered":"<div>\n<p data-sourcepos=\"1:1-1:289\"><strong>Trei b\u0103rba\u021bi din sudul \u021b\u0103rii, \u00een v\u00e2rst\u0103 de 32, 28 \u0219i 24 de ani, au fost condamna\u021bi la \u00eenchisoare pentru viol \u0219i privare ilegal\u0103 de libertate.<\/strong><\/p>\n<p>Faptele au avut loc \u00een aprilie 2019, c\u00e2nd unul dintre ei a ademenit o minor\u0103 de 15 ani \u00een locuin\u021ba sa, unde, \u00eempreun\u0103 cu ceilal\u021bi doi, au violat-o.<\/p>\n<p data-sourcepos=\"3:1-3:190\">Conform sentin\u021bei, cei trei au primit pedepse diferite: unul a fost condamnat la 13 ani, al doilea la 9 ani, iar al treilea, minor la momentul comiterii infrac\u021biunii, la 6 ani de \u00eenchisoare.<\/p>\n<p data-sourcepos=\"5:1-5:97\">De\u0219i au pledat nevinova\u021bi, justi\u021bia i-a g\u0103sit vinova\u021bi \u0219i vor trebui s\u0103 \u00ee\u0219i isp\u0103\u0219easc\u0103 pedepsele.<\/p>\n<\/div>\n","protected":false},"excerpt":{"rendered":"<div><img loading=\"lazy\" decoding=\"async\" width=\"696\" height=\"393\" src=\"https:\/\/canal5.md\/wp-content\/uploads\/2025\/02\/6a19a4129d219a588290424658754c66-optimized.jpg\" class=\"attachment-large size-large wp-post-image\" alt=\"\" srcset=\"https:\/\/canal5.md\/wp-content\/uploads\/2025\/02\/6a19a4129d219a588290424658754c66-optimized.jpg 748w, https:\/\/canal5.md\/wp-content\/uploads\/2025\/02\/6a19a4129d219a588290424658754c66-300x169-optimized.jpg 300w, https:\/\/canal5.md\/wp-content\/uploads\/2025\/02\/6a19a4129d219a588290424658754c66-696x393-optimized.jpg 696w\">Trei b\u0103rba\u021bi din sudul \u021b\u0103rii, \u00een v\u00e2rst\u0103 de 32, 28 \u0219i 24 de ani, au fost condamna\u021bi la \u00eenchisoare pentru viol \u0219i privare ilegal\u0103 de libertate. Faptele au avut loc \u00een aprilie 2019, c\u00e2nd unul dintre ei a ademenit o minor\u0103 de 15 ani \u00een locuin\u021ba sa, unde, \u00eempreun\u0103 cu ceilal\u021bi doi, au violat-o. Conform [\u2026]<\/div>\n","protected":false},"author":1,"featured_media":67456,"comment_status":"closed","ping_status":"closed","sticky":false,"template":"","format":"standard","meta":{"jnews-multi-image_gallery":[],"jnews_single_post":[],"jnews_primary_category":[],"jnews_social_meta":[],"jnews_override_counter":[],"footnotes":""},"categories":[30],"tags":[],"class_list":["post-67455","post","type-post","status-publish","format-standard","has-post-thumbnail","hentry","category-social_ro"],"_links":{"self":[{"href":"https:\/\/orheifm.live\/index.php\/wp-json\/wp\/v2\/posts\/67455","targetHints":{"allow":["GET"]}}],"collection":[{"href":"https:\/\/orheifm.live\/index.php\/wp-json\/wp\/v2\/posts"}],"about":[{"href":"https:\/\/orheifm.live\/index.php\/wp-json\/wp\/v2\/types\/post"}],"author":[{"embeddable":true,"href":"https:\/\/orheifm.live\/index.php\/wp-json\/wp\/v2\/users\/1"}],"replies":[{"embeddable":true,"href":"https:\/\/orheifm.live\/index.php\/wp-json\/wp\/v2\/comments?post=67455"}],"version-history":[{"count":0,"href":"https:\/\/orheifm.live\/index.php\/wp-json\/wp\/v2\/posts\/67455\/revisions"}],"wp:featuredmedia":[{"embeddable":true,"href":"https:\/\/orheifm.live\/index.php\/wp-json\/wp\/v2\/media\/67456"}],"wp:attachment":[{"href":"https:\/\/orheifm.live\/index.php\/wp-json\/wp\/v2\/media?parent=67455"}],"wp:term":[{"taxonomy":"category","embeddable":true,"href":"https:\/\/orheifm.live\/index.php\/wp-json\/wp\/v2\/categories?post=67455"},{"taxonomy":"post_tag","embeddable":true,"href":"https:\/\/orheifm.live\/index.php\/wp-json\/wp\/v2\/tags?post=67455"}],"curies":[{"name":"wp","href":"https:\/\/api.w.org\/{rel}","templated":true}]}}