{"id":67453,"date":"2025-02-19T17:00:12","date_gmt":"2025-02-19T15:00:12","guid":{"rendered":"https:\/\/orheifm.live\/index.php\/2025\/02\/19\/fum-negru-langa-fabrica-bucuria-internautii-reactioneaza-cu-nemultumiri-si-glume\/"},"modified":"2025-02-19T17:00:12","modified_gmt":"2025-02-19T15:00:12","slug":"fum-negru-langa-fabrica-bucuria-internautii-reactioneaza-cu-nemultumiri-si-glume","status":"publish","type":"post","link":"https:\/\/orheifm.live\/index.php\/2025\/02\/19\/fum-negru-langa-fabrica-bucuria-internautii-reactioneaza-cu-nemultumiri-si-glume\/","title":{"rendered":"Fum negru l\u00e2ng\u0103 fabrica Bucuria: Internau\u021bii reac\u021bioneaz\u0103 cu nemul\u021bumiri \u0219i glume"},"content":{"rendered":"<div>\n<p><strong>Internau\u021bii au distribuit imagini cu o coloan\u0103 de fum negru \u0219i dens \u00een apropierea fabricii Bucuria, exprim\u00e2ndu-\u0219i indignarea fa\u021b\u0103 de poluarea din Capital\u0103. <\/strong><\/p>\n<p>Imaginile au ap\u0103rut pe re\u021belele de socializare \u00een jurul orei 13:00, iar, pe l\u00e2ng\u0103 nemul\u021bumiri, mul\u021bi moldoveni au f\u0103cut glume pe seama situa\u021biei. Unii utilizatori au sugerat c\u0103 ar putea fi documente arse, \u00een timp ce al\u021bii au glumit c\u0103 ar fi ciocolata de Dubai pus\u0103 pe foc.<\/p>\n<p>Ion Bulmaga, \u0219eful Inspectoratului pentru Protec\u021bia Mediului, a declarat pentru Realitatea c\u0103 inspectorii se afl\u0103 deja la fa\u021ba locului, iar speciali\u0219tii vor investiga circumstan\u021bele \u00een care se degaj\u0103 fumul, care pare a fi toxic.<\/p>\n<\/div>\n","protected":false},"excerpt":{"rendered":"<div><img loading=\"lazy\" decoding=\"async\" width=\"696\" height=\"391\" src=\"https:\/\/canal5.md\/wp-content\/uploads\/2025\/02\/poluare-bucuria-900x505-1-optimized.png\" class=\"attachment-large size-large wp-post-image\" alt=\"\" srcset=\"https:\/\/canal5.md\/wp-content\/uploads\/2025\/02\/poluare-bucuria-900x505-1-optimized.png 900w, https:\/\/canal5.md\/wp-content\/uploads\/2025\/02\/poluare-bucuria-900x505-1-300x168-optimized.png 300w, https:\/\/canal5.md\/wp-content\/uploads\/2025\/02\/poluare-bucuria-900x505-1-768x431-optimized.png 768w, https:\/\/canal5.md\/wp-content\/uploads\/2025\/02\/poluare-bucuria-900x505-1-696x391-optimized.png 696w\">Internau\u021bii au distribuit imagini cu o coloan\u0103 de fum negru \u0219i dens \u00een apropierea fabricii Bucuria, exprim\u00e2ndu-\u0219i indignarea fa\u021b\u0103 de poluarea din Capital\u0103. Imaginile au ap\u0103rut pe re\u021belele de socializare \u00een jurul orei 13:00, iar, pe l\u00e2ng\u0103 nemul\u021bumiri, mul\u021bi moldoveni au f\u0103cut glume pe seama situa\u021biei. Unii utilizatori au sugerat c\u0103 ar putea fi documente [\u2026]<\/div>\n","protected":false},"author":1,"featured_media":67454,"comment_status":"closed","ping_status":"closed","sticky":false,"template":"","format":"standard","meta":{"jnews-multi-image_gallery":[],"jnews_single_post":[],"jnews_primary_category":[],"jnews_social_meta":[],"jnews_override_counter":[],"footnotes":""},"categories":[30],"tags":[],"class_list":["post-67453","post","type-post","status-publish","format-standard","has-post-thumbnail","hentry","category-social_ro"],"_links":{"self":[{"href":"https:\/\/orheifm.live\/index.php\/wp-json\/wp\/v2\/posts\/67453","targetHints":{"allow":["GET"]}}],"collection":[{"href":"https:\/\/orheifm.live\/index.php\/wp-json\/wp\/v2\/posts"}],"about":[{"href":"https:\/\/orheifm.live\/index.php\/wp-json\/wp\/v2\/types\/post"}],"author":[{"embeddable":true,"href":"https:\/\/orheifm.live\/index.php\/wp-json\/wp\/v2\/users\/1"}],"replies":[{"embeddable":true,"href":"https:\/\/orheifm.live\/index.php\/wp-json\/wp\/v2\/comments?post=67453"}],"version-history":[{"count":0,"href":"https:\/\/orheifm.live\/index.php\/wp-json\/wp\/v2\/posts\/67453\/revisions"}],"wp:featuredmedia":[{"embeddable":true,"href":"https:\/\/orheifm.live\/index.php\/wp-json\/wp\/v2\/media\/67454"}],"wp:attachment":[{"href":"https:\/\/orheifm.live\/index.php\/wp-json\/wp\/v2\/media?parent=67453"}],"wp:term":[{"taxonomy":"category","embeddable":true,"href":"https:\/\/orheifm.live\/index.php\/wp-json\/wp\/v2\/categories?post=67453"},{"taxonomy":"post_tag","embeddable":true,"href":"https:\/\/orheifm.live\/index.php\/wp-json\/wp\/v2\/tags?post=67453"}],"curies":[{"name":"wp","href":"https:\/\/api.w.org\/{rel}","templated":true}]}}