{"id":67451,"date":"2025-02-19T16:40:47","date_gmt":"2025-02-19T14:40:47","guid":{"rendered":"https:\/\/orheifm.live\/index.php\/2025\/02\/19\/accident-rutier-in-balti-un-barbat-de-37-de-ani-a-fost-lovit-de-o-masina\/"},"modified":"2025-02-19T16:40:47","modified_gmt":"2025-02-19T14:40:47","slug":"accident-rutier-in-balti-un-barbat-de-37-de-ani-a-fost-lovit-de-o-masina","status":"publish","type":"post","link":"https:\/\/orheifm.live\/index.php\/2025\/02\/19\/accident-rutier-in-balti-un-barbat-de-37-de-ani-a-fost-lovit-de-o-masina\/","title":{"rendered":"Accident rutier \u00een B\u0103l\u021bi: Un b\u0103rbat de 37 de ani a fost lovit de o ma\u0219in\u0103"},"content":{"rendered":"<div>\n<p>Un b\u0103rbat de 37 de ani a ajuns la spital dup\u0103 ce a fost lovit de o ma\u0219in\u0103 \u00eentr-un accident rutier ce a avut loc mar\u021bi, 18 februarie, pe strada Kiev din B\u0103l\u021bi.<\/p>\n<p>Victima a fost tamponat\u0103 de un Volkswagen Passat, condus de o t\u00e2n\u0103r\u0103 de 28 de ani, care, conform Poli\u021biei, traversa strada neregulamentar. \u00cen urma impactului, b\u0103rbatul a fost preluat de echipajul de ambulan\u021b\u0103 \u0219i transportat la spital. \u0218oferi\u021ba nu era sub influen\u021ba alcoolului, iar autorit\u0103\u021bile continu\u0103 cercet\u0103rile pentru a stabili toate detaliile accidentului.<\/p>\n<\/div>\n","protected":false},"excerpt":{"rendered":"<div><img loading=\"lazy\" decoding=\"async\" width=\"696\" height=\"391\" src=\"https:\/\/canal5.md\/wp-content\/uploads\/2025\/02\/ambulanta-900x505-1-optimized.jpg\" class=\"attachment-large size-large wp-post-image\" alt=\"\" srcset=\"https:\/\/canal5.md\/wp-content\/uploads\/2025\/02\/ambulanta-900x505-1-optimized.jpg 900w, https:\/\/canal5.md\/wp-content\/uploads\/2025\/02\/ambulanta-900x505-1-300x168-optimized.jpg 300w, https:\/\/canal5.md\/wp-content\/uploads\/2025\/02\/ambulanta-900x505-1-768x431-optimized.jpg 768w, https:\/\/canal5.md\/wp-content\/uploads\/2025\/02\/ambulanta-900x505-1-696x391-optimized.jpg 696w\">Un b\u0103rbat de 37 de ani a ajuns la spital dup\u0103 ce a fost lovit de o ma\u0219in\u0103 \u00eentr-un accident rutier ce a avut loc mar\u021bi, 18 februarie, pe strada Kiev din B\u0103l\u021bi. Victima a fost tamponat\u0103 de un Volkswagen Passat, condus de o t\u00e2n\u0103r\u0103 de 28 de ani, care, conform Poli\u021biei, traversa strada neregulamentar. [\u2026]<\/div>\n","protected":false},"author":1,"featured_media":67452,"comment_status":"closed","ping_status":"closed","sticky":false,"template":"","format":"standard","meta":{"jnews-multi-image_gallery":[],"jnews_single_post":[],"jnews_primary_category":[],"jnews_social_meta":[],"jnews_override_counter":[],"footnotes":""},"categories":[30],"tags":[],"class_list":["post-67451","post","type-post","status-publish","format-standard","has-post-thumbnail","hentry","category-social_ro"],"_links":{"self":[{"href":"https:\/\/orheifm.live\/index.php\/wp-json\/wp\/v2\/posts\/67451","targetHints":{"allow":["GET"]}}],"collection":[{"href":"https:\/\/orheifm.live\/index.php\/wp-json\/wp\/v2\/posts"}],"about":[{"href":"https:\/\/orheifm.live\/index.php\/wp-json\/wp\/v2\/types\/post"}],"author":[{"embeddable":true,"href":"https:\/\/orheifm.live\/index.php\/wp-json\/wp\/v2\/users\/1"}],"replies":[{"embeddable":true,"href":"https:\/\/orheifm.live\/index.php\/wp-json\/wp\/v2\/comments?post=67451"}],"version-history":[{"count":0,"href":"https:\/\/orheifm.live\/index.php\/wp-json\/wp\/v2\/posts\/67451\/revisions"}],"wp:featuredmedia":[{"embeddable":true,"href":"https:\/\/orheifm.live\/index.php\/wp-json\/wp\/v2\/media\/67452"}],"wp:attachment":[{"href":"https:\/\/orheifm.live\/index.php\/wp-json\/wp\/v2\/media?parent=67451"}],"wp:term":[{"taxonomy":"category","embeddable":true,"href":"https:\/\/orheifm.live\/index.php\/wp-json\/wp\/v2\/categories?post=67451"},{"taxonomy":"post_tag","embeddable":true,"href":"https:\/\/orheifm.live\/index.php\/wp-json\/wp\/v2\/tags?post=67451"}],"curies":[{"name":"wp","href":"https:\/\/api.w.org\/{rel}","templated":true}]}}