{"id":67447,"date":"2025-02-19T15:35:13","date_gmt":"2025-02-19T13:35:13","guid":{"rendered":"https:\/\/orheifm.live\/index.php\/2025\/02\/19\/caz-de-malpraxis-la-maternitatea-nr-1-familia-au-obtinut-dreptul-de-a-deshuma-pruncul-pentru-expertiza-medico-legala\/"},"modified":"2025-02-19T15:35:13","modified_gmt":"2025-02-19T13:35:13","slug":"caz-de-malpraxis-la-maternitatea-nr-1-familia-au-obtinut-dreptul-de-a-deshuma-pruncul-pentru-expertiza-medico-legala","status":"publish","type":"post","link":"https:\/\/orheifm.live\/index.php\/2025\/02\/19\/caz-de-malpraxis-la-maternitatea-nr-1-familia-au-obtinut-dreptul-de-a-deshuma-pruncul-pentru-expertiza-medico-legala\/","title":{"rendered":"Caz de malpraxis la Maternitatea nr.1: Familia au ob\u021binut dreptul de a deshuma pruncul  pentru expertiza medico-legal\u0103"},"content":{"rendered":"<div>\n<p><strong>Cuplul din capital\u0103, care acuz\u0103 medicii de la Maternitatea nr.1 din Chi\u0219in\u0103u de decesul copilului lor, n\u0103scut prematur, au ob\u021binut dreptul de a deshuma pruncul, pentru a face expertiza medico-legal\u0103, rezultatele c\u0103reia le \u0219i a\u0219teapt\u0103 deja. Mama bebelu\u0219ului a declarat, pentru UNIMEDIA, c\u0103 va face tot posibilul pentru a demonstra c\u0103 \u201ea fost malpraxis \u0219i c\u0103 feti\u021ba a decedat din vina medicilor, din neglijen\u021b\u0103, din motiv c\u0103 s-a aflat singur\u0103 \u00een momentul \u00een care s-a \u00eenecat\u201d. Mai mult, femeia sus\u021bine c\u0103 doctorii ar ruga-o intensiv s\u0103 le \u00eentoarc\u0103 fi\u0219a bebelu\u0219ului, ca s\u0103 \u201einvestigheze\u201d ei cazul.<\/strong><br \/>\n<iframe loading=\"lazy\" title=\"YouTube video player\" src=\"https:\/\/www.youtube.com\/embed\/OOX7UFYTgnk?si=BVDQ_fw65VigEbpB\" width=\"560\" height=\"315\" frameborder=\"0\" allowfullscreen=\"allowfullscreen\"><\/iframe><\/p>\n<p>Cuplul din capital\u0103, care acuz\u0103 medicii de la Maternitatea nr.1 din Chi\u0219in\u0103u de decesul copilului lor, n\u0103scut prematur, au ob\u021binut dreptul de a deshuma pruncul, pentru a face expertiza medico-legal\u0103, rezultatele c\u0103reia le \u0219i a\u0219teapt\u0103 deja. Mama bebelu\u0219ului a declarat, pentru UNIMEDIA, c\u0103 va face tot posibilul pentru a demonstra c\u0103 \u201ea fost malpraxis \u0219i c\u0103 feti\u021ba a decedat din vina medicilor, din neglijen\u021b\u0103, din motiv c\u0103 s-a aflat singur\u0103 \u00een momentul \u00een care s-a \u00eenecat\u201d. Mai mult, femeia sus\u021bine c\u0103 doctorii ar ruga-o intensiv s\u0103 le \u00eentoarc\u0103 fi\u0219a bebelu\u0219ului, ca s\u0103 \u201einvestigheze\u201d ei cazul.<\/p>\n<p>Irina, mama feti\u021bei decedate la Spitalul Gheorghe Paladi, din Capital\u0103, dup\u0103 ce s-ar fi \u00eenecat cu lapte, a confirmat pentru UNIMEDIA c\u0103, dup\u0103 ce a despus o cerere \u00eempreun\u0103 cu avocatul s\u0103u la Procuratura General\u0103, autorit\u0103\u021bile au aprobat procedura de exhumare a bebelu\u0219ului, iar ulterior a fost efectuat\u0103 expertiza medico-legal\u0103 \u0219i acum a\u0219teapt\u0103 rezultatele acesteia. Potrivit femeii, anchetatorii au fost prezen\u021bi \u0219i ei la exhumare. Iar, avocatul familiei a participat la autopsie, asist\u00e2nd pe parcursul \u00eentregii proceduri.<\/p>\n<p>Irina a mai preccizat c\u0103 a primit o scrisoare de la Spitalul Clinic Municipal \u201eGheorghe Paladi\u201d, \u00een care este \u201erugat\u0103 intensiv\u201d s\u0103 re\u00eentoarc\u0103 fi\u0219a medical\u0103 a copilului, pentru ca ei s\u0103 investigheze cazul: \u201eNoi \u0219tim cum ei investigheaz\u0103 \u0219i cum lucreaz\u0103 la general. Ei vor s\u0103 mu\u0219amalizeze cazul, dar nu o s\u0103 le mearg\u0103\u201d, a precizat aceasta.<\/p>\n<p>Amintim c\u0103, a \u00eenceputul lunii februarie, o t\u00e2n\u0103r\u0103 mam\u0103 din capital\u0103 a acuzat medicii de la Maternitatea nr.1 din Chi\u0219in\u0103u de decesul copilului s\u0103u n\u0103scut prematur. Femeia a dezv\u0103luit atunci c\u0103 urma s\u0103 fie externat\u0103 acas\u0103 cu feti\u021ba sa, \u00een c\u00e2teva zile, \u00eens\u0103 duminic\u0103, atunci c\u00e2nd a mers acas\u0103 s\u0103-\u0219i vad\u0103 fiica mai mare, a fost telefonat\u0103 de la spital \u0219i anun\u021bat\u0103 despre moartea copilului s\u0103u.<\/p>\n<p>T\u00e2n\u0103ra vrea ca cei care se fac vinova\u021bi de aceast\u0103 tragedie s\u0103 fie pedepsi\u021bi. De cealalt\u0103 parte, reprezentan\u021bii spitalului au declarat c\u0103 feti\u021ba era \u00een stare grav\u0103, fiind n\u0103scut\u0103 la un termen mic, iar medicii au f\u0103cut tot posibilul pentru a-i salva via\u021ba. Poli\u021bia a pornit urm\u0103rirea penal\u0103 \u201epe faptul \u00eenc\u0103lc\u0103rii din neglijen\u021b\u0103 de c\u0103tre medic sau alt lucr\u0103tor medical a regulilor \u0219i metodelor de acordare a asisten\u021bei medicale, fapt ce a cauzat decesul pacientului\u201d. Institu\u021bia medical\u0103 vizat\u0103 nu a reac\u021bionat deocamdat\u0103 la declara\u021biile femeii.<\/p>\n<p>Preciz\u0103m c\u0103, mar\u021bi, ministra S\u0103n\u0103t\u0103\u021bii, Ala Nemerenco a ap\u0103rat medicii implica\u021bi \u00een decesele celor dou\u0103 gravide, dar nu s-a expus \u00eenc\u0103 privind cazul pruncului n\u0103scut prematur. \u00cen ce prive\u0219te cele dou\u0103 femei \u00eens\u0103rcinate, una dintre care a murit \u00een a\u0219teptarea ambulan\u021bei, ministra a de clarat c\u0103 \u0219tie care sunt rezultatele anchetelor, dar nu le va face publice pentru c\u0103 nu exist\u0103 rezultatele tuturor investiga\u021biilor medicale.<\/p>\n<\/div>\n","protected":false},"excerpt":{"rendered":"<div><img loading=\"lazy\" decoding=\"async\" width=\"696\" height=\"392\" src=\"https:\/\/canal5.md\/wp-content\/uploads\/2025\/02\/76e6dd3c59d7b81ea30fa9bfb48e126797169d642f399a26f388f58394e4a412-1-optimized.jpg\" class=\"attachment-large size-large wp-post-image\" alt=\"\" srcset=\"https:\/\/canal5.md\/wp-content\/uploads\/2025\/02\/76e6dd3c59d7b81ea30fa9bfb48e126797169d642f399a26f388f58394e4a412-1-optimized.jpg 800w, https:\/\/canal5.md\/wp-content\/uploads\/2025\/02\/76e6dd3c59d7b81ea30fa9bfb48e126797169d642f399a26f388f58394e4a412-1-300x169-optimized.jpg 300w, https:\/\/canal5.md\/wp-content\/uploads\/2025\/02\/76e6dd3c59d7b81ea30fa9bfb48e126797169d642f399a26f388f58394e4a412-1-768x432-optimized.jpg 768w, https:\/\/canal5.md\/wp-content\/uploads\/2025\/02\/76e6dd3c59d7b81ea30fa9bfb48e126797169d642f399a26f388f58394e4a412-1-696x392-optimized.jpg 696w\">Cuplul din capital\u0103, care acuz\u0103 medicii de la Maternitatea nr.1 din Chi\u0219in\u0103u de decesul copilului lor, n\u0103scut prematur, au ob\u021binut dreptul de a deshuma pruncul, pentru a face expertiza medico-legal\u0103, rezultatele c\u0103reia le \u0219i a\u0219teapt\u0103 deja. Mama bebelu\u0219ului a declarat, pentru UNIMEDIA, c\u0103 va face tot posibilul pentru a demonstra c\u0103 \u201ea fost malpraxis \u0219i [\u2026]<\/div>\n","protected":false},"author":1,"featured_media":67448,"comment_status":"closed","ping_status":"closed","sticky":false,"template":"","format":"standard","meta":{"jnews-multi-image_gallery":[],"jnews_single_post":[],"jnews_primary_category":[],"jnews_social_meta":[],"jnews_override_counter":[],"footnotes":""},"categories":[23],"tags":[],"class_list":["post-67447","post","type-post","status-publish","format-standard","has-post-thumbnail","hentry","category-politica_ro"],"_links":{"self":[{"href":"https:\/\/orheifm.live\/index.php\/wp-json\/wp\/v2\/posts\/67447","targetHints":{"allow":["GET"]}}],"collection":[{"href":"https:\/\/orheifm.live\/index.php\/wp-json\/wp\/v2\/posts"}],"about":[{"href":"https:\/\/orheifm.live\/index.php\/wp-json\/wp\/v2\/types\/post"}],"author":[{"embeddable":true,"href":"https:\/\/orheifm.live\/index.php\/wp-json\/wp\/v2\/users\/1"}],"replies":[{"embeddable":true,"href":"https:\/\/orheifm.live\/index.php\/wp-json\/wp\/v2\/comments?post=67447"}],"version-history":[{"count":0,"href":"https:\/\/orheifm.live\/index.php\/wp-json\/wp\/v2\/posts\/67447\/revisions"}],"wp:featuredmedia":[{"embeddable":true,"href":"https:\/\/orheifm.live\/index.php\/wp-json\/wp\/v2\/media\/67448"}],"wp:attachment":[{"href":"https:\/\/orheifm.live\/index.php\/wp-json\/wp\/v2\/media?parent=67447"}],"wp:term":[{"taxonomy":"category","embeddable":true,"href":"https:\/\/orheifm.live\/index.php\/wp-json\/wp\/v2\/categories?post=67447"},{"taxonomy":"post_tag","embeddable":true,"href":"https:\/\/orheifm.live\/index.php\/wp-json\/wp\/v2\/tags?post=67447"}],"curies":[{"name":"wp","href":"https:\/\/api.w.org\/{rel}","templated":true}]}}