{"id":67445,"date":"2025-02-19T15:35:11","date_gmt":"2025-02-19T13:35:11","guid":{"rendered":"https:\/\/orheifm.live\/index.php\/2025\/02\/19\/dorin-junghietu-noul-ministru-al-energieiimi-v-oi-centra-prioritatile-pe-intreg-domeniul-energetic-din-tara\/"},"modified":"2025-02-19T15:35:11","modified_gmt":"2025-02-19T13:35:11","slug":"dorin-junghietu-noul-ministru-al-energieiimi-v-oi-centra-prioritatile-pe-intreg-domeniul-energetic-din-tara","status":"publish","type":"post","link":"https:\/\/orheifm.live\/index.php\/2025\/02\/19\/dorin-junghietu-noul-ministru-al-energieiimi-v-oi-centra-prioritatile-pe-intreg-domeniul-energetic-din-tara\/","title":{"rendered":"Dorin Junghietu, noul ministru al Energiei:\u201d\u00cemi v-oi centra priorit\u0103\u021bile pe \u00eentreg domeniul energetic din \u021bar\u0103\u201d"},"content":{"rendered":"<div>\n<p><strong>Propus peste c\u00e2teva luni de c\u0103utare a unei candidaturi \u0219i \u00eenvestit a doua zi. Dorin Junghietu a devenit noul ministru al Energie, ocup\u00e2nd acest fotoliu la o distan\u021b\u0103 de dou\u0103 luni dup\u0103 ce a fost eliberat de Victor Parlicov. Iar anterior a fost \u00eenaintat pentru pozi\u021bia de \u0219ef al Consiliului de Administra\u021bie al Moldovagaz, pe care a \u0219i c\u00e2\u0219tigat-o, dar nu a mai ajuns s\u0103 o ocupe, \u00een lipsa aprob\u0103rii Gazprom. Miercuri, noul ministru a depus jur\u0103m\u00e2ntul de \u00eenvestire \u00een prezen\u021ba \u0219efei statului Maia Sandu \u0219i a premierului Dorin Recean.<\/strong><br \/>\n<iframe loading=\"lazy\" title=\"YouTube video player\" src=\"https:\/\/www.youtube.com\/embed\/896vrPOiB84?si=18yGoOaMybK5TNnY\" width=\"560\" height=\"315\" frameborder=\"0\" allowfullscreen=\"allowfullscreen\"><\/iframe><\/p>\n<p>Sandu a declarat c\u0103 noul ministru are \u00een fa\u021b\u0103 proiecte importante, inclusiv linia electric\u0103 Ch\u0219in\u0103u-Vulc\u0103ne\u0219ti, care trebuie finalizat\u0103, precum \u0219i proiecte de energie regenerabil\u0103, pentru a reduce substan\u021bial cheltuielile de consum. Crizele sunt frecvente \u00een acest domeniu, a remarcat \u0219eful statului, care a subliniat c\u0103 sectorul energetic este complicat. Iar Recean a men\u021bionat c\u0103 Dorin Junghietu are \u00een fa\u021b\u0103 priorit\u0103\u021bi importante \u0219i i-a urat succes \u00een fruntea ministerului pe care l-a preluat.<\/p>\n<p>La r\u00e2ndul s\u0103u, noul ministru al Energiei a declarat c\u0103 din moment ce intr\u0103 \u00een noua func\u021bie \u00ee\u0219i va centra priorit\u0103\u021bile pe \u00eentreg domeniul energetic din \u021bar\u0103 \u0219i nu exclude c\u0103 va apela \u0219i la ajutorul fostului ministru al Energiei, Victor Parlicov, care, a\u0219a cum s-a recunoscut la guvern, a demisionat, neav\u00e2nd capacitatea de a face fa\u021b\u0103 sarcinilor care i-au fost atribuite.<\/p>\n<p>DORIN JUNGHIETU, noul ministru al Energiei<\/p>\n<p>La momentul acesta rolul meu \u0219i priorit\u0103\u021bile mele e s\u0103 m\u0103 axez pe tot sistemul energetic al Republicii Moldova.<\/p>\n<p>Pe domnul Parlicov l-am cunoscut prima dat\u0103 la offline-ul care a concluzionat concursul de la Moldovagaz. Dumnealui este un expert \u00een enegretic\u0103 \u0219i c\u00e2nd o s\u0103 fie nevoie o s\u0103 apel\u0103m la sfatul dumnealui.<\/p>\n<p>De altfel, anume Victor Parlicov l-a propus pe Junghietu la Moldolvagaz \u0219i tot despre Parlicov se spune c\u0103 ar fi omul de \u00eencredere al lui Andrei Sp\u00eenu, \u00een mandatul c\u0103ruia s-au f\u0103cut cele mai scumpe achizi\u021bii de energie \u0219i s-a construit cel mai scump drum din istorie, devenit subiectul unei anchete la procuratura anticorup\u021bie care acum se vrea lichidat\u0103.<br \/>\nPreciz\u0103m c\u0103, Dorin Junghietu a c\u00e2\u0219tigat, toamna trecut\u0103, concursul pentru func\u021bia de pre\u0219edinte al Consiliului de administra\u021bie al companiei Moldovagaz, \u00eens\u0103, potrivit prim-ministrului, Gazprom nu a aprobat schimbarea. Moldova nu a avut ministru al energiei de la 5 decembrie 2024, c\u00e2nd a fost demis Victor Parlicov. De atunci interimatul a fost asigurat de premierul Dorin Recean, chiar \u00een perioada c\u00e2t \u00een \u021bar\u0103 a fost stare de urgen\u021b\u0103 \u00een energetic\u0103.<\/p>\n<p>Portalul Bani.md scrie c\u0103 Dorin Junghietu are 37 de ani \u0219i a studiat \u00een domeniul petrolului \u0219i gazelor. P\u00e2n\u0103 nu demult a lucrat \u00een Kazahstan ca manager de lucr\u0103ri de punere \u00een func\u021biune \u0219i finalizare a proiectelor la o companie din acea \u021bar\u0103, o filial\u0103 a unei firme italiene, specializat\u0103 \u00een construc\u021bia de conducte. A lucrat c\u00e2\u021biva ani la compania australian\u0103 Worley, specializat\u0103 \u00een servicii de inginerie profesionist\u0103, \u0219i are experien\u021b\u0103 \u00een cadrul Saudi Aramco \u0219i la rafin\u0103ria Petrotel Lukoil din Rom\u00e2nia. Declara\u021bia privind veniturile \u0219i bunurile disponibile ale noului ministru \u00eenc\u0103 nu a fost publicat\u0103<\/p>\n<\/div>\n","protected":false},"excerpt":{"rendered":"<div><img decoding=\"async\" width=\"696\" height=\"392\" src=\"https:\/\/canal5.md\/wp-content\/uploads\/2025\/02\/7d50e50889ea914bbc4dca17508bbf63-optimized.jpg\" class=\"attachment-large size-large wp-post-image\" alt=\"\" loading=\"lazy\" srcset=\"https:\/\/canal5.md\/wp-content\/uploads\/2025\/02\/7d50e50889ea914bbc4dca17508bbf63-optimized.jpg 809w, https:\/\/canal5.md\/wp-content\/uploads\/2025\/02\/7d50e50889ea914bbc4dca17508bbf63-300x169-optimized.jpg 300w, https:\/\/canal5.md\/wp-content\/uploads\/2025\/02\/7d50e50889ea914bbc4dca17508bbf63-768x433-optimized.jpg 768w, https:\/\/canal5.md\/wp-content\/uploads\/2025\/02\/7d50e50889ea914bbc4dca17508bbf63-696x392-optimized.jpg 696w\">Propus peste c\u00e2teva luni de c\u0103utare a unei candidaturi \u0219i \u00eenvestit a doua zi. Dorin Junghietu a devenit noul ministru al Energie, ocup\u00e2nd acest fotoliu la o distan\u021b\u0103 de dou\u0103 luni dup\u0103 ce a fost eliberat de Victor Parlicov. Iar anterior a fost \u00eenaintat pentru pozi\u021bia de \u0219ef al Consiliului de Administra\u021bie al Moldovagaz, pe [\u2026]<\/div>\n","protected":false},"author":1,"featured_media":67446,"comment_status":"closed","ping_status":"closed","sticky":false,"template":"","format":"standard","meta":{"jnews-multi-image_gallery":[],"jnews_single_post":[],"jnews_primary_category":[],"jnews_social_meta":[],"jnews_override_counter":[],"footnotes":""},"categories":[23],"tags":[],"class_list":["post-67445","post","type-post","status-publish","format-standard","has-post-thumbnail","hentry","category-politica_ro"],"_links":{"self":[{"href":"https:\/\/orheifm.live\/index.php\/wp-json\/wp\/v2\/posts\/67445","targetHints":{"allow":["GET"]}}],"collection":[{"href":"https:\/\/orheifm.live\/index.php\/wp-json\/wp\/v2\/posts"}],"about":[{"href":"https:\/\/orheifm.live\/index.php\/wp-json\/wp\/v2\/types\/post"}],"author":[{"embeddable":true,"href":"https:\/\/orheifm.live\/index.php\/wp-json\/wp\/v2\/users\/1"}],"replies":[{"embeddable":true,"href":"https:\/\/orheifm.live\/index.php\/wp-json\/wp\/v2\/comments?post=67445"}],"version-history":[{"count":0,"href":"https:\/\/orheifm.live\/index.php\/wp-json\/wp\/v2\/posts\/67445\/revisions"}],"wp:featuredmedia":[{"embeddable":true,"href":"https:\/\/orheifm.live\/index.php\/wp-json\/wp\/v2\/media\/67446"}],"wp:attachment":[{"href":"https:\/\/orheifm.live\/index.php\/wp-json\/wp\/v2\/media?parent=67445"}],"wp:term":[{"taxonomy":"category","embeddable":true,"href":"https:\/\/orheifm.live\/index.php\/wp-json\/wp\/v2\/categories?post=67445"},{"taxonomy":"post_tag","embeddable":true,"href":"https:\/\/orheifm.live\/index.php\/wp-json\/wp\/v2\/tags?post=67445"}],"curies":[{"name":"wp","href":"https:\/\/api.w.org\/{rel}","templated":true}]}}