{"id":67435,"date":"2025-02-19T13:20:06","date_gmt":"2025-02-19T11:20:06","guid":{"rendered":"https:\/\/orheifm.live\/index.php\/2025\/02\/19\/cuplul-din-chisinau-cere-exhumarea-copilului-pentru-a-dovedi-malpraxisul-medical\/"},"modified":"2025-02-19T13:20:06","modified_gmt":"2025-02-19T11:20:06","slug":"cuplul-din-chisinau-cere-exhumarea-copilului-pentru-a-dovedi-malpraxisul-medical","status":"publish","type":"post","link":"https:\/\/orheifm.live\/index.php\/2025\/02\/19\/cuplul-din-chisinau-cere-exhumarea-copilului-pentru-a-dovedi-malpraxisul-medical\/","title":{"rendered":"Cuplul din Chi\u0219in\u0103u cere exhumarea copilului pentru a dovedi malpraxisul medical"},"content":{"rendered":"<div>\n<p><strong>Cuplul din Chi\u0219in\u0103u care acuz\u0103 medicii de la Maternitatea nr.1 de moartea copilului lor n\u0103scut prematur a ob\u021binut autoriza\u021bia pentru deshumarea acestuia, \u00een scopul realiz\u0103rii unei expertize medico-legale conform legisla\u021biei \u00een vigoare. Mama bebelu\u0219ului a declarat pentru <a href=\"https:\/\/unimedia.info\/ro\/news\/c040f47829f628c6\/mama-fetitei-decedate-la-spitalul-gh-paladi-dupa-ce-s-ar-fi-inecat-cu-lapte-a-obtinut-exhumarea-copilei-medicii-ma-roaga-intensiv-sa-le-intorc-fisa-bebelusului-sa-investigheze-ei.html\">UNIMEDIA<\/a> c\u0103 va face tot posibilul pentru a demonstra c\u0103 decesul a fost cauzat de malpraxis \u0219i neglijen\u021b\u0103 din partea medicilor, subliniind c\u0103 feti\u021ba ar fi decedat din cauza faptului c\u0103 s-a aflat singur\u0103 atunci c\u00e2nd s-a \u00eenecat.<\/strong><\/p>\n<p>Irina C. a confirmat c\u0103 autorit\u0103\u021bile au aprobat procedura de exhumare, iar expertiza medico-legal\u0103 a fost deja realizat\u0103, fiind acum \u00een a\u0219teptarea rezultatelor.<\/p>\n<p>Femeia, \u00eempreun\u0103 cu avocatul s\u0103u, a depus o cerere la Procuratur\u0103, iar instan\u021ba de judecat\u0103 a autorizat exhumarea copilului. Reprezentan\u021bi ai Organului de Urm\u0103rire Penal\u0103 au fost prezen\u021bi la exhumare, iar avocatul familiei a asistat la autopsie, monitoriz\u00e2nd \u00eentreaga procedur\u0103. Astfel, p\u0103rin\u021bii \u00eendurera\u021bi au fost nevoi\u021bi s\u0103 \u00eengroape pentru a doua oar\u0103 trupul copilului lor.<\/p>\n<p>Irina C. a mai relatat c\u0103 a primit o scrisoare din partea spitalului, \u00een care este \u201erugat\u0103 insistent\u201d s\u0103 returneze fi\u0219a medical\u0103 a copilului, pentru a se putea efectua o investiga\u021bie a cazului. \u201e\u0218tim cum procedeaz\u0103 ei \u0219i cum investigheaz\u0103 de obicei. Vor s\u0103 acopere cazul, dar nu le va reu\u0219i\u201d, a spus femeia.<\/p>\n<p>Mama bebelu\u0219ului, care a pierdut copilul pe 26 ianuarie, a afirmat c\u0103 va face tot ce \u00eei st\u0103 \u00een putere pentru a dovedi c\u0103 a fost vorba de malpraxis \u0219i c\u0103 feti\u021ba a murit din vina medicilor, din cauza neglijen\u021bei lor, \u00eentruc\u00e2t a fost l\u0103sat\u0103 singur\u0103 atunci c\u00e2nd s-a \u00eenecat.<\/p>\n<p>La \u00eenceputul lunii februarie, o t\u00e2n\u0103r\u0103 mam\u0103 din Chi\u0219in\u0103u a acuzat medicii de la Maternitatea nr.1 de moartea copilului ei n\u0103scut prematur. Aceasta a relatat pentru UNIMEDIA c\u0103 urma s\u0103 fie externat\u0103 acas\u0103 cu feti\u021ba sa \u00een c\u00e2teva zile, \u00eens\u0103, duminica, c\u00e2nd a mers acas\u0103 s\u0103 \u00ee\u0219i vad\u0103 fiica mai mare, a fost anun\u021bat\u0103 de spital despre decesul copilului s\u0103u. T\u00e2n\u0103ra mam\u0103 dore\u0219te ca cei responsabili pentru tragedie s\u0103 fie tra\u0219i la r\u0103spundere. \u00cen schimb, reprezentan\u021bii spitalului au declarat c\u0103 feti\u021ba era \u00eentr-o stare grav\u0103, n\u0103scut\u0103 prematur, \u0219i c\u0103 medicii au depus toate eforturile pentru a-i salva via\u021ba. Poli\u021bia a deschis o urm\u0103rire penal\u0103 \u201epentru \u00eenc\u0103lcarea din neglijen\u021b\u0103 a regulilor de acordare a asisten\u021bei medicale, fapt ce a dus la decesul pacientului\u201d.<\/p>\n<p>\u201eAm cerut urgent exhumarea cadavrului pentru a efectua expertiza medico-legal\u0103 conform legii, la Korolenko, pentru a afla adev\u0103rata cauz\u0103 a mor\u021bii. Procuratura a \u00eenceput dosarul penal, dar mai au nevoie de permisiunea autorit\u0103\u021bilor de protec\u021bia mediului \u0219i a altor institu\u021bii, precum \u0219i de autoriza\u021bia judec\u0103torului de instruc\u021bie. Vrem s\u0103 facem dreptate\u201d, a declarat mama feti\u021bei.<\/p>\n<p>Pe de alt\u0103 parte, reprezentan\u021bii Spitalului Clinic Municipal \u201eGheorghe Paladi\u201d au asigurat c\u0103 medicii au f\u0103cut tot posibilul pentru a salva via\u021ba feti\u021bei decedate.<\/p>\n<p>Ministerul S\u0103n\u0103t\u0103\u021bii a comunicat c\u0103 a fost informat despre acest caz de deces la IMSP Spitalul Clinic Municipal \u201eGheorghe Paladi\u201d \u0219i c\u0103, \u00een prezent, se efectueaz\u0103 documentarea cazului, urm\u00e2nd ca ulterior s\u0103 fie constituit\u0103 o comisie pentru a examina cazul.<\/p>\n<p>De asemenea, Violina Moraru, consultant\u0103 a Procurorului General, a declarat pentru UNIMEDIA c\u0103 pe acest caz a fost deschis\u0103 o urm\u0103rire penal\u0103. \u201e\u00cen cazul copilului decedat la 26 ianuarie 2025, \u00een incinta Spitalului \u00abGheorghe Paladi\u00bb din Chi\u0219in\u0103u, la 3 februarie 2025, organul de urm\u0103rire penal\u0103 al Inspectoratului de Poli\u021bie Botanica a \u00eenceput o urm\u0103rire penal\u0103 pentru \u00eenc\u0103lcarea din neglijen\u021b\u0103 a regulilor de acordare a asisten\u021bei medicale, fapt ce a dus la decesul pacientului. Urm\u0103rirea penal\u0103 este \u00een desf\u0103\u0219urare pentru a stabili toate circumstan\u021bele\u201d, a declarat aceasta.<\/p>\n<\/div>\n","protected":false},"excerpt":{"rendered":"<div><img loading=\"lazy\" decoding=\"async\" width=\"696\" height=\"392\" src=\"https:\/\/canal5.md\/wp-content\/uploads\/2025\/02\/76e6dd3c59d7b81ea30fa9bfb48e126797169d642f399a26f388f58394e4a412-optimized.jpg\" class=\"attachment-large size-large wp-post-image\" alt=\"\" srcset=\"https:\/\/canal5.md\/wp-content\/uploads\/2025\/02\/76e6dd3c59d7b81ea30fa9bfb48e126797169d642f399a26f388f58394e4a412-optimized.jpg 800w, https:\/\/canal5.md\/wp-content\/uploads\/2025\/02\/76e6dd3c59d7b81ea30fa9bfb48e126797169d642f399a26f388f58394e4a412-300x169-optimized.jpg 300w, https:\/\/canal5.md\/wp-content\/uploads\/2025\/02\/76e6dd3c59d7b81ea30fa9bfb48e126797169d642f399a26f388f58394e4a412-768x432-optimized.jpg 768w, https:\/\/canal5.md\/wp-content\/uploads\/2025\/02\/76e6dd3c59d7b81ea30fa9bfb48e126797169d642f399a26f388f58394e4a412-696x392-optimized.jpg 696w\">Cuplul din Chi\u0219in\u0103u care acuz\u0103 medicii de la Maternitatea nr.1 de moartea copilului lor n\u0103scut prematur a ob\u021binut autoriza\u021bia pentru deshumarea acestuia, \u00een scopul realiz\u0103rii unei expertize medico-legale conform legisla\u021biei \u00een vigoare. Mama bebelu\u0219ului a declarat pentru UNIMEDIA c\u0103 va face tot posibilul pentru a demonstra c\u0103 decesul a fost cauzat de malpraxis \u0219i neglijen\u021b\u0103 [\u2026]<\/div>\n","protected":false},"author":1,"featured_media":67436,"comment_status":"closed","ping_status":"closed","sticky":false,"template":"","format":"standard","meta":{"jnews-multi-image_gallery":[],"jnews_single_post":[],"jnews_primary_category":[],"jnews_social_meta":[],"jnews_override_counter":[],"footnotes":""},"categories":[30],"tags":[],"class_list":["post-67435","post","type-post","status-publish","format-standard","has-post-thumbnail","hentry","category-social_ro"],"_links":{"self":[{"href":"https:\/\/orheifm.live\/index.php\/wp-json\/wp\/v2\/posts\/67435","targetHints":{"allow":["GET"]}}],"collection":[{"href":"https:\/\/orheifm.live\/index.php\/wp-json\/wp\/v2\/posts"}],"about":[{"href":"https:\/\/orheifm.live\/index.php\/wp-json\/wp\/v2\/types\/post"}],"author":[{"embeddable":true,"href":"https:\/\/orheifm.live\/index.php\/wp-json\/wp\/v2\/users\/1"}],"replies":[{"embeddable":true,"href":"https:\/\/orheifm.live\/index.php\/wp-json\/wp\/v2\/comments?post=67435"}],"version-history":[{"count":0,"href":"https:\/\/orheifm.live\/index.php\/wp-json\/wp\/v2\/posts\/67435\/revisions"}],"wp:featuredmedia":[{"embeddable":true,"href":"https:\/\/orheifm.live\/index.php\/wp-json\/wp\/v2\/media\/67436"}],"wp:attachment":[{"href":"https:\/\/orheifm.live\/index.php\/wp-json\/wp\/v2\/media?parent=67435"}],"wp:term":[{"taxonomy":"category","embeddable":true,"href":"https:\/\/orheifm.live\/index.php\/wp-json\/wp\/v2\/categories?post=67435"},{"taxonomy":"post_tag","embeddable":true,"href":"https:\/\/orheifm.live\/index.php\/wp-json\/wp\/v2\/tags?post=67435"}],"curies":[{"name":"wp","href":"https:\/\/api.w.org\/{rel}","templated":true}]}}