{"id":67433,"date":"2025-02-19T12:40:51","date_gmt":"2025-02-19T10:40:51","guid":{"rendered":"https:\/\/orheifm.live\/index.php\/2025\/02\/19\/un-an-de-durere-familia-lui-mihaita-isi-plange-copilul-ucis-de-primarul-din-bolduresti\/"},"modified":"2025-02-19T12:40:51","modified_gmt":"2025-02-19T10:40:51","slug":"un-an-de-durere-familia-lui-mihaita-isi-plange-copilul-ucis-de-primarul-din-bolduresti","status":"publish","type":"post","link":"https:\/\/orheifm.live\/index.php\/2025\/02\/19\/un-an-de-durere-familia-lui-mihaita-isi-plange-copilul-ucis-de-primarul-din-bolduresti\/","title":{"rendered":"Un an de durere: Familia lui Mih\u0103i\u021b\u0103 \u00ee\u0219i pl\u00e2nge copilul ucis de primarul din Boldure\u0219ti"},"content":{"rendered":"<div>\n<p><strong>Durere nem\u0103rginit\u0103 \u00een familia lui Mih\u0103i\u021b\u0103, copilul lovit mortal de primarul din Boldure\u0219ti. Ast\u0103zi, 19 februarie, se \u00eempline\u0219te un an de la tragicul accident. \u201eUn an de c\u00e2nd sufletul meu este \u00eengera\u0219\u201d, a scris mama b\u0103iatului \u00eentr-o postare pe Facebook.<\/strong><\/p>\n<p>\u201eS\u0103 \u0219tii mereu m\u0103mica mea<br \/>\nC\u0103ci \u00eengerii niciodat\u0103 nu mor.<br \/>\nDin cer nu cade nici o stea,<br \/>\nF\u0103r\u0103 voin\u021ba lor.<br \/>\nS\u0103 \u0219tii mereu m\u0103mica mea,<br \/>\nAici \u00eengerii sunt bine,<br \/>\nDar eu, mereu \u0219i mult a\u0219 vrea,<br \/>\nS\u0103 fiu cu tine.<br \/>\nSunt bine, tu s\u0103 \u0219tii,<br \/>\nNimic nu m\u0103 mai doare,<br \/>\nM\u0103 joc cu al\u021bi copii,<br \/>\nDar dorul este mare.<br \/>\nS\u0103 fii m\u0103mico lini\u0219tit\u0103,<br \/>\n\u0218i atunci c\u00e2nd treci pe la morm\u00e2nt,<br \/>\nA\u0219 vrea s\u0103 te v\u0103d \u0219i fericit\u0103,<br \/>\nNicic\u00e2nd s\u0103 vii pl\u00e2ng\u00e2nd.<br \/>\nS\u0103 \u0219tii m\u0103mica mea mereu,<br \/>\nC\u0103ci \u00eengerii nu mor niciodat\u0103,<br \/>\nC\u00e2nd vei vedea pe cer o stea, sunt eu,<br \/>\nEu te privesc oric\u00e2nd.\u201d<\/p>\n<p>\u00cen aceast\u0103 duminic\u0103, familia lui Mih\u0103i\u021b\u0103 a organizat o slujb\u0103 de pomenire pentru el.<\/p>\n<p>\u201eUn an plin de durere \u0219i lacrimi, puiul meu. Mii de dor de tine\u201d, a scris mama b\u0103iatului.<\/p>\n<p>Mih\u0103i\u021b\u0103, \u00een v\u00e2rst\u0103 de 14 ani, a fost lovit mortal la Nisporeni pe 19 februarie. \u0218oferul a fugit de la locul accidentului \u0219i a fost re\u021binut a doua zi dup\u0103 impact. Acesta s-a dovedit a fi primarul localit\u0103\u021bii Boldure\u0219ti. Oamenii legii au confirmat c\u0103 b\u0103rbatul se afla \u00een ma\u0219ina de serviciu.<\/p>\n<p>Mama b\u0103iatului a postat un mesaj dur pe re\u021belele de socializare dup\u0103 re\u021binerea primarului, adres\u00e2ndu-i-se cu termenul \u201eUciga\u0219ule\u201d.<\/p>\n<p>Anterior, aceasta a cerut ajutorul publicului pentru a g\u0103si \u0219oferul responsabil: \u201eV\u0103 rog, dac\u0103 cineva a v\u0103zut ceva sau \u0219tie ceva, spune\u021bi, ca cel vinovat s\u0103 r\u0103spund\u0103 pentru fapta lui. B\u0103ie\u021belul nu mi-l va aduce \u00eenapoi, dar vreau ca cel vinovat s\u0103 pl\u0103teasc\u0103\u201d.<\/p>\n<p>Mama b\u0103iatului a povestit \u0219i c\u0103 so\u021bia primarului din Boldure\u0219ti fusese profesoara fiului s\u0103u. Conform martorilor, aceasta se afla \u00een ma\u0219in\u0103 la momentul accidentului. \u201eM-a sunat prietenul lui Mih\u0103i\u021b\u0103 \u0219i mi-a spus s\u0103 sun la salvare, c\u0103 pe fiul meu l-a lovit o ma\u0219in\u0103 \u2013 \u00eei curge s\u00e2nge din urechi, din gur\u0103 \u0219i din nas. Ambulan\u021ba a venit foarte greu, \u00eentr-o or\u0103 \u0219i jum\u0103tate\u201d, a povestit mama.<\/p>\n<p>\u00cen aceea\u0219i zi, Procuratura pentru Combaterea Criminalit\u0103\u021bii Organizate \u0219i Cauze Speciale a anun\u021bat c\u0103 stomatologul re\u021binut pentru c\u0103 l-a ajutat pe primar s\u0103 ascund\u0103 urmele accidentului va fi cercetat \u00een libertate. Primarul de Boldure\u0219ti a fost plasat \u00een arest preventiv pentru 30 de zile, dar nu s-a prezentat la \u0219edin\u021ba de judecat\u0103, invoc\u00e2nd probleme de s\u0103n\u0103tate.<\/p>\n<p>Pe 23 februarie, Mih\u0103i\u021b\u0103 a fost condus pe ultimul drum.<\/p>\n<p>Avocatul primarului de Boldure\u0219ti, Dumitru Buliga, sus\u021bine c\u0103 clientul s\u0103u, Nicanor Ciochin\u0103, nu este vinovat \u0219i c\u0103 \u201etoate problemele sale au \u00eenceput dup\u0103 ce a f\u0103cut declara\u021bii publice \u00eempotriva \u0219efului Inspectoratului de Poli\u021bie Nisporeni\u201d.<\/p>\n<p>La \u00eenceputul lunii august, avocatul familiei lui Mih\u0103i\u021b\u0103 a acuzat tergiversarea deliberat\u0103 a procesului. \u00cen aceea\u0219i perioad\u0103, avoca\u021bii primarului au sus\u021binut o teorie absurd\u0103 conform c\u0103reia Mih\u0103i\u021b\u0103 ar fi fost sinuciga\u0219. Mama b\u0103iatului a respins categoric aceast\u0103 versiune.<\/p>\n<p>\u00cen septembrie, primarul de Boldure\u0219ti a fost eliberat din penitenciar \u0219i plasat \u00een arest la domiciliu, ceea ce a st\u00e2rnit revolt\u0103 \u00een familia victimei. \u201eFiul meu de jum\u0103tate de an putreze\u0219te \u00een p\u0103m\u00e2nt, iar Nicanor Ciochin\u0103 va sta acas\u0103 cu familia\u201d, a spus mama lui Mih\u0103i\u021b\u0103.<\/p>\n<p>\u00cen luna octombrie, mama b\u0103iatului a acuzat am\u00e2n\u0103rile continue ale \u0219edin\u021belor de judecat\u0103, spun\u00e2nd c\u0103 primarul se folose\u0219te de tactici legale pentru a tergiversa procesul.<\/p>\n<p>La 22 octombrie 2024, procurorii au anun\u021bat c\u0103 o nou\u0103 \u0219edin\u021b\u0103 de judecat\u0103 pe cazul Mih\u0103i\u021b\u0103 a fost am\u00e2nat\u0103, iar mama copilului a declarat c\u0103 va lupta pentru dreptate p\u00e2n\u0103 la cap\u0103t.<\/p>\n<p>Durerea nu s-a stins \u00een familia lui Mih\u0103i\u021b\u0103, iar la 30 octombrie 2024, b\u0103iatul ar fi \u00eemplinit 15 ani. \u201eAnul acesta e cu lacrimi \u0219i multe amintiri, \u00eengera\u0219ul meu\u201d, a scris mama sa \u00eentr-un mesaj.<\/p>\n<p>Pe 21 februarie 2025, oamenii legii au identificat un alt suspect implicat \u00een ajutorul dat primarului pentru a ascunde urmele crimei. Procuratura General\u0103 a anun\u021bat c\u0103 acesta a fost re\u021binut.<\/p>\n<p>\u00cen urma acestor evenimente, mama lui Mih\u0103i\u021b\u0103 se teme c\u0103 primarul ar putea sc\u0103pa de pedeaps\u0103, av\u00e2nd resurse financiare \u0219i influen\u021b\u0103. \u201eNu m\u0103 voi l\u0103sa p\u00e2n\u0103 nu-l voi vedea \u00eenchis pe criminalul care mi-a distrus via\u021ba\u201d, a spus femeia.<\/p>\n<\/div>\n","protected":false},"excerpt":{"rendered":"<div><img loading=\"lazy\" decoding=\"async\" width=\"696\" height=\"392\" src=\"https:\/\/canal5.md\/wp-content\/uploads\/2025\/02\/a68fd4b1fbe4ab90da40248e7f280970d771f9e3cb42eea8aa5b65afd220fb77-optimized.png\" class=\"attachment-large size-large wp-post-image\" alt=\"\" srcset=\"https:\/\/canal5.md\/wp-content\/uploads\/2025\/02\/a68fd4b1fbe4ab90da40248e7f280970d771f9e3cb42eea8aa5b65afd220fb77-optimized.png 800w, https:\/\/canal5.md\/wp-content\/uploads\/2025\/02\/a68fd4b1fbe4ab90da40248e7f280970d771f9e3cb42eea8aa5b65afd220fb77-300x169-optimized.png 300w, https:\/\/canal5.md\/wp-content\/uploads\/2025\/02\/a68fd4b1fbe4ab90da40248e7f280970d771f9e3cb42eea8aa5b65afd220fb77-768x432-optimized.png 768w, https:\/\/canal5.md\/wp-content\/uploads\/2025\/02\/a68fd4b1fbe4ab90da40248e7f280970d771f9e3cb42eea8aa5b65afd220fb77-696x392-optimized.png 696w\">Durere nem\u0103rginit\u0103 \u00een familia lui Mih\u0103i\u021b\u0103, copilul lovit mortal de primarul din Boldure\u0219ti. Ast\u0103zi, 19 februarie, se \u00eempline\u0219te un an de la tragicul accident. \u201eUn an de c\u00e2nd sufletul meu este \u00eengera\u0219\u201d, a scris mama b\u0103iatului \u00eentr-o postare pe Facebook. \u201eS\u0103 \u0219tii mereu m\u0103mica mea C\u0103ci \u00eengerii niciodat\u0103 nu mor. Din cer nu cade nici [\u2026]<\/div>\n","protected":false},"author":1,"featured_media":67434,"comment_status":"closed","ping_status":"closed","sticky":false,"template":"","format":"standard","meta":{"jnews-multi-image_gallery":[],"jnews_single_post":[],"jnews_primary_category":[],"jnews_social_meta":[],"jnews_override_counter":[],"footnotes":""},"categories":[30],"tags":[],"class_list":["post-67433","post","type-post","status-publish","format-standard","has-post-thumbnail","hentry","category-social_ro"],"_links":{"self":[{"href":"https:\/\/orheifm.live\/index.php\/wp-json\/wp\/v2\/posts\/67433","targetHints":{"allow":["GET"]}}],"collection":[{"href":"https:\/\/orheifm.live\/index.php\/wp-json\/wp\/v2\/posts"}],"about":[{"href":"https:\/\/orheifm.live\/index.php\/wp-json\/wp\/v2\/types\/post"}],"author":[{"embeddable":true,"href":"https:\/\/orheifm.live\/index.php\/wp-json\/wp\/v2\/users\/1"}],"replies":[{"embeddable":true,"href":"https:\/\/orheifm.live\/index.php\/wp-json\/wp\/v2\/comments?post=67433"}],"version-history":[{"count":0,"href":"https:\/\/orheifm.live\/index.php\/wp-json\/wp\/v2\/posts\/67433\/revisions"}],"wp:featuredmedia":[{"embeddable":true,"href":"https:\/\/orheifm.live\/index.php\/wp-json\/wp\/v2\/media\/67434"}],"wp:attachment":[{"href":"https:\/\/orheifm.live\/index.php\/wp-json\/wp\/v2\/media?parent=67433"}],"wp:term":[{"taxonomy":"category","embeddable":true,"href":"https:\/\/orheifm.live\/index.php\/wp-json\/wp\/v2\/categories?post=67433"},{"taxonomy":"post_tag","embeddable":true,"href":"https:\/\/orheifm.live\/index.php\/wp-json\/wp\/v2\/tags?post=67433"}],"curies":[{"name":"wp","href":"https:\/\/api.w.org\/{rel}","templated":true}]}}