{"id":67431,"date":"2025-02-19T12:20:07","date_gmt":"2025-02-19T10:20:07","guid":{"rendered":"https:\/\/orheifm.live\/index.php\/2025\/02\/19\/aiere-ilegala-de-arbori-descoperita-in-donduseni-sanctiuni-aplicate\/"},"modified":"2025-02-19T12:20:07","modified_gmt":"2025-02-19T10:20:07","slug":"aiere-ilegala-de-arbori-descoperita-in-donduseni-sanctiuni-aplicate","status":"publish","type":"post","link":"https:\/\/orheifm.live\/index.php\/2025\/02\/19\/aiere-ilegala-de-arbori-descoperita-in-donduseni-sanctiuni-aplicate\/","title":{"rendered":"T\u0103iere ilegal\u0103 de arbori descoperit\u0103 \u00een Dondu\u0219eni: Sanc\u021biuni aplicate"},"content":{"rendered":"<div>\n<p><strong>Inspectorii de mediu din Dondu\u0219eni au identificat dou\u0103 cazuri de t\u0103iere ilegal\u0103 a arborilor \u00een p\u0103durile administrate de Ocolul Silvic Dondu\u0219eni, sanc\u021bion\u00e2nd persoanele vinovate conform legii.<\/strong><\/p>\n<p>Prejudiciul cauzat a fost recuperat \u0219i achitat. Un alt caz de exploatare ilegal\u0103 a lemnului a fost descoperit \u00een sectorul 1 al aceluia\u0219i ocol, iar autorit\u0103\u021bile au \u00eentocmit proces-verbal de contraven\u021bie.<\/p>\n<p>Inspectoratul pentru Protec\u021bia Mediului subliniaz\u0103 c\u0103 t\u0103ierile ilegale d\u0103uneaz\u0103 grav ecosistemelor \u0219i continu\u0103 controalele pentru a preveni abuzurile. Cet\u0103\u021benii sunt \u00eencuraja\u021bi s\u0103 semnaleze astfel de activit\u0103\u021bi.<\/p>\n<\/div>\n","protected":false},"excerpt":{"rendered":"<div><img loading=\"lazy\" decoding=\"async\" width=\"696\" height=\"928\" src=\"https:\/\/canal5.md\/wp-content\/uploads\/2025\/02\/345f4589336598f8f97cf50900b5175c-768x1024-optimized.webp\" class=\"attachment-large size-large wp-post-image\" alt=\"\" srcset=\"https:\/\/canal5.md\/wp-content\/uploads\/2025\/02\/345f4589336598f8f97cf50900b5175c-768x1024-optimized.webp 768w, https:\/\/canal5.md\/wp-content\/uploads\/2025\/02\/345f4589336598f8f97cf50900b5175c-225x300-optimized.webp 225w, https:\/\/canal5.md\/wp-content\/uploads\/2025\/02\/345f4589336598f8f97cf50900b5175c-696x928-optimized.webp 696w, https:\/\/canal5.md\/wp-content\/uploads\/2025\/02\/345f4589336598f8f97cf50900b5175c-optimized.webp 960w\">Inspectorii de mediu din Dondu\u0219eni au identificat dou\u0103 cazuri de t\u0103iere ilegal\u0103 a arborilor \u00een p\u0103durile administrate de Ocolul Silvic Dondu\u0219eni, sanc\u021bion\u00e2nd persoanele vinovate conform legii. Prejudiciul cauzat a fost recuperat \u0219i achitat. Un alt caz de exploatare ilegal\u0103 a lemnului a fost descoperit \u00een sectorul 1 al aceluia\u0219i ocol, iar autorit\u0103\u021bile au \u00eentocmit proces-verbal [\u2026]<\/div>\n","protected":false},"author":1,"featured_media":67432,"comment_status":"closed","ping_status":"closed","sticky":false,"template":"","format":"standard","meta":{"jnews-multi-image_gallery":[],"jnews_single_post":[],"jnews_primary_category":[],"jnews_social_meta":[],"jnews_override_counter":[],"footnotes":""},"categories":[30],"tags":[],"class_list":["post-67431","post","type-post","status-publish","format-standard","has-post-thumbnail","hentry","category-social_ro"],"_links":{"self":[{"href":"https:\/\/orheifm.live\/index.php\/wp-json\/wp\/v2\/posts\/67431","targetHints":{"allow":["GET"]}}],"collection":[{"href":"https:\/\/orheifm.live\/index.php\/wp-json\/wp\/v2\/posts"}],"about":[{"href":"https:\/\/orheifm.live\/index.php\/wp-json\/wp\/v2\/types\/post"}],"author":[{"embeddable":true,"href":"https:\/\/orheifm.live\/index.php\/wp-json\/wp\/v2\/users\/1"}],"replies":[{"embeddable":true,"href":"https:\/\/orheifm.live\/index.php\/wp-json\/wp\/v2\/comments?post=67431"}],"version-history":[{"count":0,"href":"https:\/\/orheifm.live\/index.php\/wp-json\/wp\/v2\/posts\/67431\/revisions"}],"wp:featuredmedia":[{"embeddable":true,"href":"https:\/\/orheifm.live\/index.php\/wp-json\/wp\/v2\/media\/67432"}],"wp:attachment":[{"href":"https:\/\/orheifm.live\/index.php\/wp-json\/wp\/v2\/media?parent=67431"}],"wp:term":[{"taxonomy":"category","embeddable":true,"href":"https:\/\/orheifm.live\/index.php\/wp-json\/wp\/v2\/categories?post=67431"},{"taxonomy":"post_tag","embeddable":true,"href":"https:\/\/orheifm.live\/index.php\/wp-json\/wp\/v2\/tags?post=67431"}],"curies":[{"name":"wp","href":"https:\/\/api.w.org\/{rel}","templated":true}]}}