{"id":67429,"date":"2025-02-19T11:00:26","date_gmt":"2025-02-19T09:00:26","guid":{"rendered":"https:\/\/orheifm.live\/index.php\/2025\/02\/19\/politia-de-frontiera-lanseaza-unitatea-de-informatii-privind-pasagerii-pentru-securitatea-frontierelor\/"},"modified":"2025-02-19T11:00:26","modified_gmt":"2025-02-19T09:00:26","slug":"politia-de-frontiera-lanseaza-unitatea-de-informatii-privind-pasagerii-pentru-securitatea-frontierelor","status":"publish","type":"post","link":"https:\/\/orheifm.live\/index.php\/2025\/02\/19\/politia-de-frontiera-lanseaza-unitatea-de-informatii-privind-pasagerii-pentru-securitatea-frontierelor\/","title":{"rendered":"Poli\u021bia de Frontier\u0103 lanseaz\u0103 Unitatea de Informa\u021bii privind Pasagerii pentru securitatea frontierelor"},"content":{"rendered":"<div>\n<p><strong>Pe 17 februarie, Poli\u021bia de Frontier\u0103 a lansat, \u00een premier\u0103, Unitatea de Informa\u021bii privind Pasagerii (UIP), o nou\u0103 subdiviziune destinat\u0103 prelucr\u0103rii datelor din Registrul cu numele pasagerilor (PNR). Scopul UIP este de a colecta, stoca \u0219i analiza informa\u021biile furnizate de companiile aeriene despre pasageri.<\/strong><\/p>\n<p>Ministra Afacerilor Interne, Daniella Misail-Nichitin, prezent\u0103 la eveniment, a subliniat c\u0103 UIP va contribui la crearea unor frontiere mai sigure \u0219i va spori protec\u021bia c\u0103l\u0103torilor, f\u0103r\u0103 a \u00eenc\u0103lca drepturile fundamentale. \u201eUnitatea va respecta standardele interna\u021bionale privind protec\u021bia datelor personale, p\u0103str\u00e2nd un echilibru \u00eentre securitate \u0219i libertate\u201d, a ad\u0103ugat aceasta.<\/p>\n<p>Sprijinul partenerilor interna\u021bionali a fost crucial pentru opera\u021bionalizarea UIP. \u0218efa Misiunii Organiza\u021biei Interna\u021bionale pentru Migra\u021bie (OIM), Ruiz de Azua Ester, a eviden\u021biat importan\u021ba proiectului pentru consolidarea securit\u0103\u021bii na\u021bionale \u0219i cooperarea interna\u021bional\u0103 \u00een combaterea terorismului \u0219i a infrac\u021biunilor transfrontaliere. OIM va sprijini UIP prin furnizarea de echipamente \u0219i consolidarea capacit\u0103\u021bilor autorit\u0103\u021bilor na\u021bionale.<\/p>\n<p>Ruslan Galu\u0219ca, \u0219eful Inspectoratului General al Poli\u021biei de Frontier\u0103, a men\u021bionat c\u0103 toate statele europene au implementat deja sisteme similare, iar Republica Moldova face acum acest pas esen\u021bial pentru alinierea la standardele interna\u021bionale. \u201eAceste mecanisme vor \u00eembun\u0103t\u0103\u021bi controlul la frontier\u0103, vor identifica mai rapid riscurile \u0219i vor cre\u0219te securitatea aerian\u0103\u201d, a spus Galu\u0219ca.<\/p>\n<p>Autorit\u0103\u021bile subliniaz\u0103 importan\u021ba Aeroportului Interna\u021bional Chi\u0219in\u0103u, un punct de trecere major al frontierei, care necesit\u0103 m\u0103suri stricte de securitate \u0219i un sistem avansat de analiz\u0103 \u0219i prevenire. UIP nu va \u00eenlocui controlul fizic la frontier\u0103, ci \u00eel va sprijini prin furnizarea de informa\u021bii care vor ajuta la identificarea riscurilor \u00een timp util. Unitatea va contribui la prevenirea \u0219i investigarea infrac\u021biunilor de terorism \u0219i transna\u021bionale, facilit\u00e2nd schimbul de date cu alte state \u0219i Europol, \u00een conformitate cu reglement\u0103rile privind protec\u021bia datelor cu caracter personal.<\/p>\n<\/div>\n","protected":false},"excerpt":{"rendered":"<div><img loading=\"lazy\" decoding=\"async\" width=\"696\" height=\"392\" src=\"https:\/\/canal5.md\/wp-content\/uploads\/2025\/02\/dd108c5acb6c8871f8ff0f8bf79d5c0b-optimized.jpg\" class=\"attachment-large size-large wp-post-image\" alt=\"\" srcset=\"https:\/\/canal5.md\/wp-content\/uploads\/2025\/02\/dd108c5acb6c8871f8ff0f8bf79d5c0b-optimized.jpg 809w, https:\/\/canal5.md\/wp-content\/uploads\/2025\/02\/dd108c5acb6c8871f8ff0f8bf79d5c0b-300x169-optimized.jpg 300w, https:\/\/canal5.md\/wp-content\/uploads\/2025\/02\/dd108c5acb6c8871f8ff0f8bf79d5c0b-768x433-optimized.jpg 768w, https:\/\/canal5.md\/wp-content\/uploads\/2025\/02\/dd108c5acb6c8871f8ff0f8bf79d5c0b-696x392-optimized.jpg 696w\">Pe 17 februarie, Poli\u021bia de Frontier\u0103 a lansat, \u00een premier\u0103, Unitatea de Informa\u021bii privind Pasagerii (UIP), o nou\u0103 subdiviziune destinat\u0103 prelucr\u0103rii datelor din Registrul cu numele pasagerilor (PNR). Scopul UIP este de a colecta, stoca \u0219i analiza informa\u021biile furnizate de companiile aeriene despre pasageri. Ministra Afacerilor Interne, Daniella Misail-Nichitin, prezent\u0103 la eveniment, a subliniat c\u0103 [\u2026]<\/div>\n","protected":false},"author":1,"featured_media":67430,"comment_status":"closed","ping_status":"closed","sticky":false,"template":"","format":"standard","meta":{"jnews-multi-image_gallery":[],"jnews_single_post":[],"jnews_primary_category":[],"jnews_social_meta":[],"jnews_override_counter":[],"footnotes":""},"categories":[30],"tags":[],"class_list":["post-67429","post","type-post","status-publish","format-standard","has-post-thumbnail","hentry","category-social_ro"],"_links":{"self":[{"href":"https:\/\/orheifm.live\/index.php\/wp-json\/wp\/v2\/posts\/67429","targetHints":{"allow":["GET"]}}],"collection":[{"href":"https:\/\/orheifm.live\/index.php\/wp-json\/wp\/v2\/posts"}],"about":[{"href":"https:\/\/orheifm.live\/index.php\/wp-json\/wp\/v2\/types\/post"}],"author":[{"embeddable":true,"href":"https:\/\/orheifm.live\/index.php\/wp-json\/wp\/v2\/users\/1"}],"replies":[{"embeddable":true,"href":"https:\/\/orheifm.live\/index.php\/wp-json\/wp\/v2\/comments?post=67429"}],"version-history":[{"count":0,"href":"https:\/\/orheifm.live\/index.php\/wp-json\/wp\/v2\/posts\/67429\/revisions"}],"wp:featuredmedia":[{"embeddable":true,"href":"https:\/\/orheifm.live\/index.php\/wp-json\/wp\/v2\/media\/67430"}],"wp:attachment":[{"href":"https:\/\/orheifm.live\/index.php\/wp-json\/wp\/v2\/media?parent=67429"}],"wp:term":[{"taxonomy":"category","embeddable":true,"href":"https:\/\/orheifm.live\/index.php\/wp-json\/wp\/v2\/categories?post=67429"},{"taxonomy":"post_tag","embeddable":true,"href":"https:\/\/orheifm.live\/index.php\/wp-json\/wp\/v2\/tags?post=67429"}],"curies":[{"name":"wp","href":"https:\/\/api.w.org\/{rel}","templated":true}]}}