{"id":67427,"date":"2025-02-19T10:40:06","date_gmt":"2025-02-19T08:40:06","guid":{"rendered":"https:\/\/orheifm.live\/index.php\/2025\/02\/19\/patru-victime-intr-un-accident-pe-drumul-r-34-langa-mereseni\/"},"modified":"2025-02-19T10:40:06","modified_gmt":"2025-02-19T08:40:06","slug":"patru-victime-intr-un-accident-pe-drumul-r-34-langa-mereseni","status":"publish","type":"post","link":"https:\/\/orheifm.live\/index.php\/2025\/02\/19\/patru-victime-intr-un-accident-pe-drumul-r-34-langa-mereseni\/","title":{"rendered":"Patru victime \u00eentr-un accident pe drumul R-34, l\u00e2ng\u0103 Mere\u0219eni"},"content":{"rendered":"<div>\n<p><strong>Patru persoane au fost spitalizate dup\u0103 un accident care a avut loc pe 18 februarie, \u00een jurul orei 11:26, pe drumul R-34, l\u00e2ng\u0103 satul Mere\u0219eni, \u00een raionul H\u00eence\u0219ti, potrivit PulsMedia.MD, care citeaz\u0103 Inspectoratul Na\u021bional al Securit\u0103\u021bii Publice.<\/strong><\/p>\n<p>Automobilul Honda Insight, condus de un b\u0103rbat de 45 de ani, a ie\u0219it de pe drum, a c\u0103zut \u00eentr-o pr\u0103pastie \u0219i s-a lovit de copaci. Drept urmare, trei pasageri au r\u0103mas bloca\u021bi \u00een ma\u0219ina strivit\u0103 \u0219i au fost debloca\u021bi de c\u0103tre echipele de salvatori.<\/p>\n<p>Printre victime se num\u0103r\u0103 dou\u0103 femei, de 44 \u0219i 56 de ani, \u0219i un b\u0103rbat de 61 de ani. Ace\u0219tia au fost transporta\u021bi la spital pentru acordarea \u00eengrijirilor medicale. \u0218oferul nu a fost r\u0103nit.<\/p>\n<p>Poli\u021bia investigheaz\u0103 circumstan\u021bele accidentului.<\/p>\n<\/div>\n","protected":false},"excerpt":{"rendered":"<div><img loading=\"lazy\" decoding=\"async\" width=\"455\" height=\"681\" src=\"https:\/\/canal5.md\/wp-content\/uploads\/2025\/02\/snimok-ekrana_19-2-2025_101244_canal5.md_-optimized.jpeg\" class=\"attachment-large size-large wp-post-image\" alt=\"\" srcset=\"https:\/\/canal5.md\/wp-content\/uploads\/2025\/02\/snimok-ekrana_19-2-2025_101244_canal5.md_-optimized.jpeg 455w, https:\/\/canal5.md\/wp-content\/uploads\/2025\/02\/snimok-ekrana_19-2-2025_101244_canal5.md_-200x300-optimized.jpeg 200w\">Patru persoane au fost spitalizate dup\u0103 un accident care a avut loc pe 18 februarie, \u00een jurul orei 11:26, pe drumul R-34, l\u00e2ng\u0103 satul Mere\u0219eni, \u00een raionul H\u00eence\u0219ti, potrivit PulsMedia.MD, care citeaz\u0103 Inspectoratul Na\u021bional al Securit\u0103\u021bii Publice. Automobilul Honda Insight, condus de un b\u0103rbat de 45 de ani, a ie\u0219it de pe drum, a c\u0103zut [\u2026]<\/div>\n","protected":false},"author":1,"featured_media":67428,"comment_status":"closed","ping_status":"closed","sticky":false,"template":"","format":"standard","meta":{"jnews-multi-image_gallery":[],"jnews_single_post":[],"jnews_primary_category":[],"jnews_social_meta":[],"jnews_override_counter":[],"footnotes":""},"categories":[30],"tags":[],"class_list":["post-67427","post","type-post","status-publish","format-standard","has-post-thumbnail","hentry","category-social_ro"],"_links":{"self":[{"href":"https:\/\/orheifm.live\/index.php\/wp-json\/wp\/v2\/posts\/67427","targetHints":{"allow":["GET"]}}],"collection":[{"href":"https:\/\/orheifm.live\/index.php\/wp-json\/wp\/v2\/posts"}],"about":[{"href":"https:\/\/orheifm.live\/index.php\/wp-json\/wp\/v2\/types\/post"}],"author":[{"embeddable":true,"href":"https:\/\/orheifm.live\/index.php\/wp-json\/wp\/v2\/users\/1"}],"replies":[{"embeddable":true,"href":"https:\/\/orheifm.live\/index.php\/wp-json\/wp\/v2\/comments?post=67427"}],"version-history":[{"count":0,"href":"https:\/\/orheifm.live\/index.php\/wp-json\/wp\/v2\/posts\/67427\/revisions"}],"wp:featuredmedia":[{"embeddable":true,"href":"https:\/\/orheifm.live\/index.php\/wp-json\/wp\/v2\/media\/67428"}],"wp:attachment":[{"href":"https:\/\/orheifm.live\/index.php\/wp-json\/wp\/v2\/media?parent=67427"}],"wp:term":[{"taxonomy":"category","embeddable":true,"href":"https:\/\/orheifm.live\/index.php\/wp-json\/wp\/v2\/categories?post=67427"},{"taxonomy":"post_tag","embeddable":true,"href":"https:\/\/orheifm.live\/index.php\/wp-json\/wp\/v2\/tags?post=67427"}],"curies":[{"name":"wp","href":"https:\/\/api.w.org\/{rel}","templated":true}]}}