{"id":67425,"date":"2025-02-19T10:26:28","date_gmt":"2025-02-19T08:26:28","guid":{"rendered":"https:\/\/orheifm.live\/index.php\/2025\/02\/19\/chisinau-anunta-inchiderea-centrului-rus-de-cultura-decizia-starneste-controverse\/"},"modified":"2025-02-19T10:26:28","modified_gmt":"2025-02-19T08:26:28","slug":"chisinau-anunta-inchiderea-centrului-rus-de-cultura-decizia-starneste-controverse","status":"publish","type":"post","link":"https:\/\/orheifm.live\/index.php\/2025\/02\/19\/chisinau-anunta-inchiderea-centrului-rus-de-cultura-decizia-starneste-controverse\/","title":{"rendered":"Chi\u0219in\u0103u anun\u021b\u0103 \u00eenchiderea Centrului Rus de Cultur\u0103: decizia st\u00e2rne\u0219te controverse"},"content":{"rendered":"<div>\n<p><strong>Pe 13 februarie, autorit\u0103\u021bile din Chi\u0219in\u0103u au anun\u021bat inten\u021bia de a denun\u021ba acordul interguvernamental moldo-rus din 1998 privind centrele culturale. Aceasta a fost prezentat\u0103 ca un r\u0103spuns la presupusa \u00eenc\u0103lcare a spa\u021biului aerian moldovenesc de c\u0103tre drone. Autorit\u0103\u021bile din Republica Moldova sus\u021bin c\u0103 acestea ar fi de origine rus\u0103, de\u0219i afirma\u021biile lor au fost contestate din lips\u0103 de dovezi.<\/strong><\/p>\n<p>\u00cen urma denun\u021b\u0103rii, se preconizeaz\u0103 \u00eenchiderea \u201eCasei Rus\u0103\u201d \u2013 Centrul Rus de \u0218tiin\u021b\u0103 \u0219i Cultur\u0103 din Chi\u0219in\u0103u. Consider\u0103m aceast\u0103 decizie ca o nou\u0103 manifestare a unei politici anti-ruse a actualelor autorit\u0103\u021bi moldovene\u0219ti \u0219i o tr\u0103dare fa\u021b\u0103 de propriul popor. Implementarea acestei m\u0103suri va afecta, \u00een primul r\u00e2nd, numero\u0219ii cet\u0103\u021beni ai Moldovei pentru care limba \u0219i cultura rus\u0103 sunt o parte integrant\u0103 a vie\u021bii lor.<\/p>\n<p>Statisticile sunt clare: 80% dintre moldoveni vorbesc limba rus\u0103, iar conform recens\u0103m\u00e2ntului din 2024, pentru peste 11% aceasta este limba matern\u0103. \u00cen ciuda eforturilor guvernului de a \u00eencuraja derusificarea, acest indicator a crescut cu 12% fa\u021b\u0103 de recens\u0103m\u00e2ntul din 2014. Dac\u0103 lu\u0103m \u00een considerare \u0219i situa\u021bia lingvistic\u0103 din Transnistria, cifrele sunt \u0219i mai mari. De asemenea, educa\u021bia ruseasc\u0103 este \u00eenc\u0103 foarte solicitat\u0103, iar \u201eCasa Rus\u0103\u201d joac\u0103 un rol important \u00een oferirea acestor oportunit\u0103\u021bi.<\/p>\n<p>Decizia de denun\u021bare a acordului a st\u00e2rnit un val puternic de reac\u021bii negative \u00een Moldova. Pe 15 februarie, \u00een fa\u021ba Ministerului de Externe al Moldovei a avut loc un protest cer\u00e2nd p\u0103strarea Centrului Rus.<\/p>\n<p>P\u00e2n\u0103 \u00een prezent, \u201eCasa Rus\u0103\u201d continu\u0103 s\u0103 func\u021bioneze. Nu a fost primit\u0103 \u00eenc\u0103 o notificare oficial\u0103 din partea autorit\u0103\u021bilor moldovene\u0219ti privind denun\u021barea acordului, iar dac\u0103 aceasta va veni, juridic acordul va r\u0103m\u00e2ne \u00een vigoare p\u00e2n\u0103 la mijlocul anului 2026.<\/p>\n<p>Sper\u0103m ca bunul sim\u021b \u0219i respectul fa\u021b\u0103 de proprii cet\u0103\u021beni vor prevala \u0219i c\u0103 autorit\u0103\u021bile de la Chi\u0219in\u0103u vor evita m\u0103surile d\u0103un\u0103toare, inclusiv pentru propria lor \u021bar\u0103.<\/p>\n<\/div>\n","protected":false},"excerpt":{"rendered":"<div><img loading=\"lazy\" decoding=\"async\" width=\"696\" height=\"391\" src=\"https:\/\/canal5.md\/wp-content\/uploads\/2024\/02\/zaharova_0825-1024x575-optimized.webp\" class=\"attachment-large size-large wp-post-image\" alt=\"\" srcset=\"https:\/\/canal5.md\/wp-content\/uploads\/2024\/02\/zaharova_0825-1024x575-optimized.webp 1024w, https:\/\/canal5.md\/wp-content\/uploads\/2024\/02\/zaharova_0825-300x169-optimized.webp 300w, https:\/\/canal5.md\/wp-content\/uploads\/2024\/02\/zaharova_0825-768x432-optimized.webp 768w, https:\/\/canal5.md\/wp-content\/uploads\/2024\/02\/zaharova_0825-1536x863-optimized.webp 1536w, https:\/\/canal5.md\/wp-content\/uploads\/2024\/02\/zaharova_0825-696x391-optimized.webp 696w, https:\/\/canal5.md\/wp-content\/uploads\/2024\/02\/zaharova_0825-1068x600-optimized.webp 1068w, https:\/\/canal5.md\/wp-content\/uploads\/2024\/02\/zaharova_0825-jpg-optimized.webp 1920w\">Pe 13 februarie, autorit\u0103\u021bile din Chi\u0219in\u0103u au anun\u021bat inten\u021bia de a denun\u021ba acordul interguvernamental moldo-rus din 1998 privind centrele culturale. Aceasta a fost prezentat\u0103 ca un r\u0103spuns la presupusa \u00eenc\u0103lcare a spa\u021biului aerian moldovenesc de c\u0103tre drone. Autorit\u0103\u021bile din Republica Moldova sus\u021bin c\u0103 acestea ar fi de origine rus\u0103, de\u0219i afirma\u021biile lor au fost contestate [\u2026]<\/div>\n","protected":false},"author":1,"featured_media":67426,"comment_status":"closed","ping_status":"closed","sticky":false,"template":"","format":"standard","meta":{"jnews-multi-image_gallery":[],"jnews_single_post":[],"jnews_primary_category":[],"jnews_social_meta":[],"jnews_override_counter":[],"footnotes":""},"categories":[30],"tags":[],"class_list":["post-67425","post","type-post","status-publish","format-standard","has-post-thumbnail","hentry","category-social_ro"],"_links":{"self":[{"href":"https:\/\/orheifm.live\/index.php\/wp-json\/wp\/v2\/posts\/67425","targetHints":{"allow":["GET"]}}],"collection":[{"href":"https:\/\/orheifm.live\/index.php\/wp-json\/wp\/v2\/posts"}],"about":[{"href":"https:\/\/orheifm.live\/index.php\/wp-json\/wp\/v2\/types\/post"}],"author":[{"embeddable":true,"href":"https:\/\/orheifm.live\/index.php\/wp-json\/wp\/v2\/users\/1"}],"replies":[{"embeddable":true,"href":"https:\/\/orheifm.live\/index.php\/wp-json\/wp\/v2\/comments?post=67425"}],"version-history":[{"count":0,"href":"https:\/\/orheifm.live\/index.php\/wp-json\/wp\/v2\/posts\/67425\/revisions"}],"wp:featuredmedia":[{"embeddable":true,"href":"https:\/\/orheifm.live\/index.php\/wp-json\/wp\/v2\/media\/67426"}],"wp:attachment":[{"href":"https:\/\/orheifm.live\/index.php\/wp-json\/wp\/v2\/media?parent=67425"}],"wp:term":[{"taxonomy":"category","embeddable":true,"href":"https:\/\/orheifm.live\/index.php\/wp-json\/wp\/v2\/categories?post=67425"},{"taxonomy":"post_tag","embeddable":true,"href":"https:\/\/orheifm.live\/index.php\/wp-json\/wp\/v2\/tags?post=67425"}],"curies":[{"name":"wp","href":"https:\/\/api.w.org\/{rel}","templated":true}]}}