{"id":67423,"date":"2025-02-19T10:00:48","date_gmt":"2025-02-19T08:00:48","guid":{"rendered":"https:\/\/orheifm.live\/index.php\/2025\/02\/19\/trei-tragedii-intr-o-zi-barbati-decedati-la-ocnita-ungheni-si-chisinau\/"},"modified":"2025-02-19T10:00:48","modified_gmt":"2025-02-19T08:00:48","slug":"trei-tragedii-intr-o-zi-barbati-decedati-la-ocnita-ungheni-si-chisinau","status":"publish","type":"post","link":"https:\/\/orheifm.live\/index.php\/2025\/02\/19\/trei-tragedii-intr-o-zi-barbati-decedati-la-ocnita-ungheni-si-chisinau\/","title":{"rendered":"Trei tragedii \u00eentr-o zi: B\u0103rba\u021bi deceda\u021bi la Ocni\u021ba, Ungheni \u0219i Chi\u0219in\u0103u"},"content":{"rendered":"<div>\n<p><strong>Ziua de duminic\u0103 a fost marcat\u0103 de mai multe tragedii. Un b\u0103rbat de 64 de ani din ora\u0219ul Ocni\u021ba a fost g\u0103sit f\u0103r\u0103 via\u021b\u0103 \u00een propria locuin\u021b\u0103. Salvatorii au fost nevoi\u021bi s\u0103 intervin\u0103 pentru a p\u0103trunde \u00een cas\u0103, deoarece victima nu r\u0103spundea la apelurile rudelor.<\/strong><\/p>\n<p>O alt\u0103 descoperire tragic\u0103 a avut loc la Ungheni, unde un b\u0103rbat de 79 de ani a fost g\u0103sit mort \u00een condi\u021bii similare, f\u0103r\u0103 semne evidente de moarte violent\u0103, conform NordInfo.MD.<\/p>\n<p>\u00cen capital\u0103, salvatorii au p\u0103truns \u00een apartamentul unui b\u0103rbat de 53 de ani, care nu r\u0103spundea la apeluri, iar \u00eengrijorarea celor din jur s-a dovedit \u00eentemeiat\u0103. B\u0103rbatul a fost g\u0103sit decedat, f\u0103r\u0103 semne de moarte violent\u0103.<\/p>\n<\/div>\n","protected":false},"excerpt":{"rendered":"<div><img loading=\"lazy\" decoding=\"async\" width=\"696\" height=\"392\" src=\"https:\/\/canal5.md\/wp-content\/uploads\/2025\/02\/93d0d1daa43fde2e9805ace882a229fd1dc94bb67a9db1c562c16045c9465904-1024x576-optimized.png\" class=\"attachment-large size-large wp-post-image\" alt=\"\" srcset=\"https:\/\/canal5.md\/wp-content\/uploads\/2025\/02\/93d0d1daa43fde2e9805ace882a229fd1dc94bb67a9db1c562c16045c9465904-1024x576-optimized.png 1024w, https:\/\/canal5.md\/wp-content\/uploads\/2025\/02\/93d0d1daa43fde2e9805ace882a229fd1dc94bb67a9db1c562c16045c9465904-300x169-optimized.png 300w, https:\/\/canal5.md\/wp-content\/uploads\/2025\/02\/93d0d1daa43fde2e9805ace882a229fd1dc94bb67a9db1c562c16045c9465904-768x432-optimized.png 768w, https:\/\/canal5.md\/wp-content\/uploads\/2025\/02\/93d0d1daa43fde2e9805ace882a229fd1dc94bb67a9db1c562c16045c9465904-696x392-optimized.png 696w, https:\/\/canal5.md\/wp-content\/uploads\/2025\/02\/93d0d1daa43fde2e9805ace882a229fd1dc94bb67a9db1c562c16045c9465904-1068x601-optimized.png 1068w, https:\/\/canal5.md\/wp-content\/uploads\/2025\/02\/93d0d1daa43fde2e9805ace882a229fd1dc94bb67a9db1c562c16045c9465904-optimized.png 1200w\">Ziua de duminic\u0103 a fost marcat\u0103 de mai multe tragedii. Un b\u0103rbat de 64 de ani din ora\u0219ul Ocni\u021ba a fost g\u0103sit f\u0103r\u0103 via\u021b\u0103 \u00een propria locuin\u021b\u0103. Salvatorii au fost nevoi\u021bi s\u0103 intervin\u0103 pentru a p\u0103trunde \u00een cas\u0103, deoarece victima nu r\u0103spundea la apelurile rudelor. O alt\u0103 descoperire tragic\u0103 a avut loc la Ungheni, unde [\u2026]<\/div>\n","protected":false},"author":1,"featured_media":67424,"comment_status":"closed","ping_status":"closed","sticky":false,"template":"","format":"standard","meta":{"jnews-multi-image_gallery":[],"jnews_single_post":[],"jnews_primary_category":[],"jnews_social_meta":[],"jnews_override_counter":[],"footnotes":""},"categories":[30],"tags":[],"class_list":["post-67423","post","type-post","status-publish","format-standard","has-post-thumbnail","hentry","category-social_ro"],"_links":{"self":[{"href":"https:\/\/orheifm.live\/index.php\/wp-json\/wp\/v2\/posts\/67423","targetHints":{"allow":["GET"]}}],"collection":[{"href":"https:\/\/orheifm.live\/index.php\/wp-json\/wp\/v2\/posts"}],"about":[{"href":"https:\/\/orheifm.live\/index.php\/wp-json\/wp\/v2\/types\/post"}],"author":[{"embeddable":true,"href":"https:\/\/orheifm.live\/index.php\/wp-json\/wp\/v2\/users\/1"}],"replies":[{"embeddable":true,"href":"https:\/\/orheifm.live\/index.php\/wp-json\/wp\/v2\/comments?post=67423"}],"version-history":[{"count":0,"href":"https:\/\/orheifm.live\/index.php\/wp-json\/wp\/v2\/posts\/67423\/revisions"}],"wp:featuredmedia":[{"embeddable":true,"href":"https:\/\/orheifm.live\/index.php\/wp-json\/wp\/v2\/media\/67424"}],"wp:attachment":[{"href":"https:\/\/orheifm.live\/index.php\/wp-json\/wp\/v2\/media?parent=67423"}],"wp:term":[{"taxonomy":"category","embeddable":true,"href":"https:\/\/orheifm.live\/index.php\/wp-json\/wp\/v2\/categories?post=67423"},{"taxonomy":"post_tag","embeddable":true,"href":"https:\/\/orheifm.live\/index.php\/wp-json\/wp\/v2\/tags?post=67423"}],"curies":[{"name":"wp","href":"https:\/\/api.w.org\/{rel}","templated":true}]}}