{"id":67421,"date":"2025-02-19T09:40:38","date_gmt":"2025-02-19T07:40:38","guid":{"rendered":"https:\/\/orheifm.live\/index.php\/2025\/02\/19\/anestezista-ecaterina-maniuc-suspecta-in-cazul-monalisa-ramane-in-arest\/"},"modified":"2025-02-19T09:40:38","modified_gmt":"2025-02-19T07:40:38","slug":"anestezista-ecaterina-maniuc-suspecta-in-cazul-monalisa-ramane-in-arest","status":"publish","type":"post","link":"https:\/\/orheifm.live\/index.php\/2025\/02\/19\/anestezista-ecaterina-maniuc-suspecta-in-cazul-monalisa-ramane-in-arest\/","title":{"rendered":"Anestezista Ecaterina Maniuc, suspect\u0103 \u00een cazul \u201eMonalisa\u201d r\u0103m\u00e2ne \u00een arest"},"content":{"rendered":"<div>\n<p><strong>Anestezista Ecaterina Maniuc, singura suspect\u0103 \u00een dosarul cunoscut sub numele de \u201eMonalisa\u201d, va r\u0103m\u00e2ne \u00een arest preventiv pentru 30 de zile. Curtea de Apel Chi\u0219in\u0103u a respins mar\u021bi, 18 februarie 2025, cererea avocatului s\u0103u de a suspenda m\u0103sura.<\/strong><\/p>\n<p>Ecaterina Maniuc a fost \u0219ef\u0103 a Sec\u021biei de Anesteziologie \u0219i Terapie Intensiv\u0103 la Spitalul Clinic al Ministerului S\u0103n\u0103t\u0103\u021bii. De-a lungul carierei, ea a trecut prin mai multe etape, de la asistent\u0103 medical\u0103 la medic anesteziolog-reanimatolog. Tot de la acest spital a fost concediat\u0103 \u00eempreun\u0103 cu directorul Igor Curov, \u00een urma unei anchete a Ministerului S\u0103n\u0103t\u0103\u021bii care a descoperit existen\u021ba unei sec\u021bii clandestine de chirurgie estetic\u0103.<\/p>\n<p>\u00cen data de 30 ianuarie 2025, Liuba Babu\u021bchi, \u00een v\u00e2rst\u0103 de 35 de ani, proprietara magazinului \u201eMonalisa Boutique\u201d din Chi\u0219in\u0103u, a decedat \u00een circumstan\u021be ce sunt \u00eenc\u0103 investigate de autorit\u0103\u021bi. Incidentul a avut loc \u00eentr-un salon de chirurgie estetic\u0103 operat de ucrainenca Irina Borodkina, situat \u00een centrul capitalei, care s-a dovedit a fi o frezerie. Borodkina a reu\u0219it s\u0103 p\u0103r\u0103seasc\u0103 Republica Moldova \u0219i s\u0103 ajung\u0103 \u00een Ucraina. So\u021bul victimei, Roman Babu\u021bchi, a declarat \u00eentr-o prim\u0103 apari\u021bie public\u0103 c\u0103 exist\u0103 \u00eencerc\u0103ri de mu\u0219amalizare a cazului.<\/p>\n<\/div>\n","protected":false},"excerpt":{"rendered":"<div><img loading=\"lazy\" decoding=\"async\" width=\"696\" height=\"391\" src=\"https:\/\/canal5.md\/wp-content\/uploads\/2025\/02\/ecaterina-maniuc0e4-900x505-1-optimized.jpg\" class=\"attachment-large size-large wp-post-image\" alt=\"\" srcset=\"https:\/\/canal5.md\/wp-content\/uploads\/2025\/02\/ecaterina-maniuc0e4-900x505-1-optimized.jpg 900w, https:\/\/canal5.md\/wp-content\/uploads\/2025\/02\/ecaterina-maniuc0e4-900x505-1-300x168-optimized.jpg 300w, https:\/\/canal5.md\/wp-content\/uploads\/2025\/02\/ecaterina-maniuc0e4-900x505-1-768x431-optimized.jpg 768w, https:\/\/canal5.md\/wp-content\/uploads\/2025\/02\/ecaterina-maniuc0e4-900x505-1-696x391-optimized.jpg 696w\">Anestezista Ecaterina Maniuc, singura suspect\u0103 \u00een dosarul cunoscut sub numele de \u201eMonalisa\u201d, va r\u0103m\u00e2ne \u00een arest preventiv pentru 30 de zile. Curtea de Apel Chi\u0219in\u0103u a respins mar\u021bi, 18 februarie 2025, cererea avocatului s\u0103u de a suspenda m\u0103sura. Ecaterina Maniuc a fost \u0219ef\u0103 a Sec\u021biei de Anesteziologie \u0219i Terapie Intensiv\u0103 la Spitalul Clinic al Ministerului [\u2026]<\/div>\n","protected":false},"author":1,"featured_media":67422,"comment_status":"closed","ping_status":"closed","sticky":false,"template":"","format":"standard","meta":{"jnews-multi-image_gallery":[],"jnews_single_post":[],"jnews_primary_category":[],"jnews_social_meta":[],"jnews_override_counter":[],"footnotes":""},"categories":[30],"tags":[],"class_list":["post-67421","post","type-post","status-publish","format-standard","has-post-thumbnail","hentry","category-social_ro"],"_links":{"self":[{"href":"https:\/\/orheifm.live\/index.php\/wp-json\/wp\/v2\/posts\/67421","targetHints":{"allow":["GET"]}}],"collection":[{"href":"https:\/\/orheifm.live\/index.php\/wp-json\/wp\/v2\/posts"}],"about":[{"href":"https:\/\/orheifm.live\/index.php\/wp-json\/wp\/v2\/types\/post"}],"author":[{"embeddable":true,"href":"https:\/\/orheifm.live\/index.php\/wp-json\/wp\/v2\/users\/1"}],"replies":[{"embeddable":true,"href":"https:\/\/orheifm.live\/index.php\/wp-json\/wp\/v2\/comments?post=67421"}],"version-history":[{"count":0,"href":"https:\/\/orheifm.live\/index.php\/wp-json\/wp\/v2\/posts\/67421\/revisions"}],"wp:featuredmedia":[{"embeddable":true,"href":"https:\/\/orheifm.live\/index.php\/wp-json\/wp\/v2\/media\/67422"}],"wp:attachment":[{"href":"https:\/\/orheifm.live\/index.php\/wp-json\/wp\/v2\/media?parent=67421"}],"wp:term":[{"taxonomy":"category","embeddable":true,"href":"https:\/\/orheifm.live\/index.php\/wp-json\/wp\/v2\/categories?post=67421"},{"taxonomy":"post_tag","embeddable":true,"href":"https:\/\/orheifm.live\/index.php\/wp-json\/wp\/v2\/tags?post=67421"}],"curies":[{"name":"wp","href":"https:\/\/api.w.org\/{rel}","templated":true}]}}