{"id":67419,"date":"2025-02-19T09:20:20","date_gmt":"2025-02-19T07:20:20","guid":{"rendered":"https:\/\/orheifm.live\/index.php\/2025\/02\/19\/vreme-geroasa-in-toata-tara-dar-fara-precipitatii\/"},"modified":"2025-02-19T09:20:20","modified_gmt":"2025-02-19T07:20:20","slug":"vreme-geroasa-in-toata-tara-dar-fara-precipitatii","status":"publish","type":"post","link":"https:\/\/orheifm.live\/index.php\/2025\/02\/19\/vreme-geroasa-in-toata-tara-dar-fara-precipitatii\/","title":{"rendered":"Vreme geroas\u0103 \u00een toat\u0103 \u021bara, dar f\u0103r\u0103 precipita\u021bii"},"content":{"rendered":"<div>\n<p><strong>Meteorologii anun\u021b\u0103 c\u0103, \u00een urm\u0103toarele zile, vremea va fi rece, iar cerul va r\u0103m\u00e2ne mai mult senin, f\u0103r\u0103 precipita\u021bii semnificative. <\/strong><\/p>\n<p>V\u00e2ntul va fi un factor important, sufl\u00e2nd cu intensitate moderat\u0103 din direc\u021bia nord-vestului, ceea ce va accentua senza\u021bia de frig. \u00cen partea de sud a \u021b\u0103rii, temperatura va varia \u00eentre +1 \u0219i +3 grade Celsius pe timpul zilei, iar acest interval va aduce condi\u021bii mai reci fa\u021b\u0103 de valorile normale pentru aceast\u0103 perioad\u0103 a anului.<\/p>\n<p>\u00cen regiunile centrale, valorile termice vor oscila \u00eentre -1 \u0219i +1 grad Celsius, iar \u00een nordul \u021b\u0103rii, maximele vor fi chiar mai sc\u0103zute, cu temperaturi cuprinse \u00eentre -2 \u0219i -4 grade Celsius. Aceste condi\u021bii vor caracteriza \u00eentreaga zi, iar oamenii trebuie s\u0103 se preg\u0103teasc\u0103 pentru un \u00eenceput de s\u0103pt\u0103m\u00e2n\u0103 cu mult\u0103 r\u0103ceal\u0103.<\/p>\n<\/div>\n","protected":false},"excerpt":{"rendered":"<div><img loading=\"lazy\" decoding=\"async\" width=\"696\" height=\"458\" src=\"https:\/\/canal5.md\/wp-content\/uploads\/2025\/02\/798714-optimized.webp\" class=\"attachment-large size-large wp-post-image\" alt=\"\" srcset=\"https:\/\/canal5.md\/wp-content\/uploads\/2025\/02\/798714-optimized.webp 760w, https:\/\/canal5.md\/wp-content\/uploads\/2025\/02\/798714-300x197-optimized.webp 300w, https:\/\/canal5.md\/wp-content\/uploads\/2025\/02\/798714-696x458-optimized.webp 696w\">Meteorologii anun\u021b\u0103 c\u0103, \u00een urm\u0103toarele zile, vremea va fi rece, iar cerul va r\u0103m\u00e2ne mai mult senin, f\u0103r\u0103 precipita\u021bii semnificative. V\u00e2ntul va fi un factor important, sufl\u00e2nd cu intensitate moderat\u0103 din direc\u021bia nord-vestului, ceea ce va accentua senza\u021bia de frig. \u00cen partea de sud a \u021b\u0103rii, temperatura va varia \u00eentre +1 \u0219i +3 grade Celsius [\u2026]<\/div>\n","protected":false},"author":1,"featured_media":67420,"comment_status":"closed","ping_status":"closed","sticky":false,"template":"","format":"standard","meta":{"jnews-multi-image_gallery":[],"jnews_single_post":[],"jnews_primary_category":[],"jnews_social_meta":[],"jnews_override_counter":[],"footnotes":""},"categories":[30],"tags":[],"class_list":["post-67419","post","type-post","status-publish","format-standard","has-post-thumbnail","hentry","category-social_ro"],"_links":{"self":[{"href":"https:\/\/orheifm.live\/index.php\/wp-json\/wp\/v2\/posts\/67419","targetHints":{"allow":["GET"]}}],"collection":[{"href":"https:\/\/orheifm.live\/index.php\/wp-json\/wp\/v2\/posts"}],"about":[{"href":"https:\/\/orheifm.live\/index.php\/wp-json\/wp\/v2\/types\/post"}],"author":[{"embeddable":true,"href":"https:\/\/orheifm.live\/index.php\/wp-json\/wp\/v2\/users\/1"}],"replies":[{"embeddable":true,"href":"https:\/\/orheifm.live\/index.php\/wp-json\/wp\/v2\/comments?post=67419"}],"version-history":[{"count":0,"href":"https:\/\/orheifm.live\/index.php\/wp-json\/wp\/v2\/posts\/67419\/revisions"}],"wp:featuredmedia":[{"embeddable":true,"href":"https:\/\/orheifm.live\/index.php\/wp-json\/wp\/v2\/media\/67420"}],"wp:attachment":[{"href":"https:\/\/orheifm.live\/index.php\/wp-json\/wp\/v2\/media?parent=67419"}],"wp:term":[{"taxonomy":"category","embeddable":true,"href":"https:\/\/orheifm.live\/index.php\/wp-json\/wp\/v2\/categories?post=67419"},{"taxonomy":"post_tag","embeddable":true,"href":"https:\/\/orheifm.live\/index.php\/wp-json\/wp\/v2\/tags?post=67419"}],"curies":[{"name":"wp","href":"https:\/\/api.w.org\/{rel}","templated":true}]}}