{"id":67417,"date":"2025-02-19T00:02:27","date_gmt":"2025-02-18T22:02:27","guid":{"rendered":"https:\/\/orheifm.live\/index.php\/2025\/02\/19\/fara-apa-la-robinete-maine-pe-mai-multe-strazi-ale-capitalei-vezi-adresele-pentru-a-face-rezerve\/"},"modified":"2025-02-19T00:02:27","modified_gmt":"2025-02-18T22:02:27","slug":"fara-apa-la-robinete-maine-pe-mai-multe-strazi-ale-capitalei-vezi-adresele-pentru-a-face-rezerve","status":"publish","type":"post","link":"https:\/\/orheifm.live\/index.php\/2025\/02\/19\/fara-apa-la-robinete-maine-pe-mai-multe-strazi-ale-capitalei-vezi-adresele-pentru-a-face-rezerve\/","title":{"rendered":"F\u0103r\u0103 ap\u0103 la robinete m\u00e2ine, pe mai multe str\u0103zi ale capitalei: Vezi adresele, pentru a face rezerve"},"content":{"rendered":"<div>\n<p><strong>Locuitorii de pe unele str\u0103zi ale capitalei r\u0103m\u00e2n, m\u00e2ine, 19 februarie, f\u0103r\u0103 ap\u0103 la robinete. Ap\u0103 Canal Chi\u0219in\u0103u anun\u021b\u0103 sist\u0103rile \u00een leg\u0103tur\u0103 cu executarea unor lucr\u0103ri planificate.<\/strong><\/p>\n<p>\u201eAstfel, \u00een intervalul 09:00 \u2013 15:00, miercuri, 19 februarie 2025, f\u0103r\u0103 ap\u0103 vor fi consumatorii de pe urm\u0103toarele str\u0103zi:<\/p>\n<p>\u2013 Calea Ie\u0219ilor, 25-39, inclusiv cu frac\u021bii;<\/p>\n<p>\u2013 Coca,45-57,20-30, inclusiv cu frac\u021bii;<\/p>\n<p>\u2013 A. Rahmaninov;<\/p>\n<p>\u2013 Ion Neculce, 55;<\/p>\n<p>\u2013 A. Donici;<\/p>\n<p>\u2013 Lisabona, 8;9;11;13;15;<\/p>\n<p>\u2013 Ion Creang\u0103, 62-64, inclusiv cu frac\u021bii.<\/p>\n<p>Sist\u0103rile au loc \u00een leg\u0103tur\u0103 cu executarea unor lucr\u0103ri de \u00eenlocuire a robinetelor \u015fi apometrelor de c\u0103tre S.A. \u201eAp\u0103-Canal Chi\u015fin\u0103u\u201d\u201d, se arat\u0103 \u00eentr-un comunicat emis de Ap\u0103-Canal.<\/p>\n<p>\u201eNe cerem scuze fa\u0163\u0103 de consumatorii care vor fi afecta\u0163i de lipsa apei potabile \u015fi \u00eei asigur\u0103m c\u0103 echipele care execut\u0103 lucr\u0103rile vor face tot posibilul pentru finalizarea interven\u0163iilor \u015fi reluarea furniz\u0103rii apei potabile \u00een cel mai scurt timp. Totodat\u0103, rug\u0103m to\u0163i consumatorii afecta\u0163i de aceast\u0103 oprire s\u0103-\u015fi asigure rezerva minim\u0103 de ap\u0103 pentru consum \u015fi uz casnic pe perioada \u00eentreruperii furniz\u0103rii apei\u201d, men\u021bioneaz\u0103 reprezentan\u021bii Ap\u0103-Canal.<\/p>\n<p><a href=\"https:\/\/unimedia.info\/ro\/news\/24653ca3a1b968ab\/fara-apa-la-robinete-maine-pe-mai-multe-strazi-ale-capitalei-vezi-adresele-pentru-a-face-rezerve.html\"><strong>Unimedia<\/strong><\/a><\/p>\n<\/div>\n","protected":false},"excerpt":{"rendered":"<div><img loading=\"lazy\" decoding=\"async\" width=\"696\" height=\"391\" src=\"https:\/\/canal5.md\/wp-content\/uploads\/2025\/02\/apa30iunie-900x505-1-optimized.png\" class=\"attachment-large size-large wp-post-image\" alt=\"\" srcset=\"https:\/\/canal5.md\/wp-content\/uploads\/2025\/02\/apa30iunie-900x505-1-optimized.png 900w, https:\/\/canal5.md\/wp-content\/uploads\/2025\/02\/apa30iunie-900x505-1-300x168-optimized.png 300w, https:\/\/canal5.md\/wp-content\/uploads\/2025\/02\/apa30iunie-900x505-1-768x431-optimized.png 768w, https:\/\/canal5.md\/wp-content\/uploads\/2025\/02\/apa30iunie-900x505-1-696x391-optimized.png 696w\">Locuitorii de pe unele str\u0103zi ale capitalei r\u0103m\u00e2n, m\u00e2ine, 19 februarie, f\u0103r\u0103 ap\u0103 la robinete. Ap\u0103 Canal Chi\u0219in\u0103u anun\u021b\u0103 sist\u0103rile \u00een leg\u0103tur\u0103 cu executarea unor lucr\u0103ri planificate. \u201eAstfel, \u00een intervalul 09:00 \u2013 15:00, miercuri, 19 februarie 2025, f\u0103r\u0103 ap\u0103 vor fi consumatorii de pe urm\u0103toarele str\u0103zi: \u2013 Calea Ie\u0219ilor, 25-39, inclusiv cu frac\u021bii; \u2013 Coca,45-57,20-30, [\u2026]<\/div>\n","protected":false},"author":1,"featured_media":67418,"comment_status":"closed","ping_status":"closed","sticky":false,"template":"","format":"standard","meta":{"jnews-multi-image_gallery":[],"jnews_single_post":[],"jnews_primary_category":[],"jnews_social_meta":[],"jnews_override_counter":[],"footnotes":""},"categories":[30],"tags":[],"class_list":["post-67417","post","type-post","status-publish","format-standard","has-post-thumbnail","hentry","category-social_ro"],"_links":{"self":[{"href":"https:\/\/orheifm.live\/index.php\/wp-json\/wp\/v2\/posts\/67417","targetHints":{"allow":["GET"]}}],"collection":[{"href":"https:\/\/orheifm.live\/index.php\/wp-json\/wp\/v2\/posts"}],"about":[{"href":"https:\/\/orheifm.live\/index.php\/wp-json\/wp\/v2\/types\/post"}],"author":[{"embeddable":true,"href":"https:\/\/orheifm.live\/index.php\/wp-json\/wp\/v2\/users\/1"}],"replies":[{"embeddable":true,"href":"https:\/\/orheifm.live\/index.php\/wp-json\/wp\/v2\/comments?post=67417"}],"version-history":[{"count":0,"href":"https:\/\/orheifm.live\/index.php\/wp-json\/wp\/v2\/posts\/67417\/revisions"}],"wp:featuredmedia":[{"embeddable":true,"href":"https:\/\/orheifm.live\/index.php\/wp-json\/wp\/v2\/media\/67418"}],"wp:attachment":[{"href":"https:\/\/orheifm.live\/index.php\/wp-json\/wp\/v2\/media?parent=67417"}],"wp:term":[{"taxonomy":"category","embeddable":true,"href":"https:\/\/orheifm.live\/index.php\/wp-json\/wp\/v2\/categories?post=67417"},{"taxonomy":"post_tag","embeddable":true,"href":"https:\/\/orheifm.live\/index.php\/wp-json\/wp\/v2\/tags?post=67417"}],"curies":[{"name":"wp","href":"https:\/\/api.w.org\/{rel}","templated":true}]}}