{"id":67415,"date":"2025-02-18T23:50:58","date_gmt":"2025-02-18T21:50:58","guid":{"rendered":"https:\/\/orheifm.live\/index.php\/2025\/02\/18\/musk-impresionat-de-delegatia-rusa-condusa-de-serghei-lavrov-la-negocierile-cu-sua-despre-ucraina-asa-arata-o-conducere-competenta\/"},"modified":"2025-02-18T23:50:58","modified_gmt":"2025-02-18T21:50:58","slug":"musk-impresionat-de-delegatia-rusa-condusa-de-serghei-lavrov-la-negocierile-cu-sua-despre-ucraina-asa-arata-o-conducere-competenta","status":"publish","type":"post","link":"https:\/\/orheifm.live\/index.php\/2025\/02\/18\/musk-impresionat-de-delegatia-rusa-condusa-de-serghei-lavrov-la-negocierile-cu-sua-despre-ucraina-asa-arata-o-conducere-competenta\/","title":{"rendered":"Musk, impresionat de delega\u021bia rus\u0103 condus\u0103 de Serghei Lavrov la negocierile cu SUA despre Ucraina: \u201eA\u0219a arat\u0103 o conducere competent\u0103\u201d"},"content":{"rendered":"<div>\n<p><strong>Miliardarul american Elon Musk s-a declarat impresionat de delega\u021bia condus\u0103 de Serghei Lavrov pe care Federa\u021bia Rus\u0103 a trimis-o la Riad, la negocierile cu SUA legate de r\u0103zboiul din Ucraina.<\/strong><\/p>\n<p>\u201eA\u0219a arat\u0103 o conducere competent\u0103\u201d, a scris Musk pe contul s\u0103u de X\/Twitter, \u00eentr-o postare \u00een care a distribuit un clip video care arat\u0103 sosirea delega\u021biei ruse, \u00een frunte cu Lavrov, la Riad.<\/p>\n<p>Oficialii americani \u0219i ru\u0219i s-au \u00eent\u00e2lnit mar\u021bi la Riad, capitala Arabiei Saudite, pentru ceea ce se preconizeaz\u0103 a fi cele mai importante discu\u021bii de p\u00e2n\u0103 acum \u00eentre SUA \u0219i Rusia privind \u00eencetarea r\u0103zboiului Moscovei \u00een Ucraina. Prima sesiune de discu\u021bii \u00eentre trimi\u0219ii lui Putin \u0219i ai lui Trump s-a \u00eencheiat dup\u0103 patru ore.<\/p>\n<p>Secretarul de stat american Marco Rubio \u0219i ministrul rus de externe Serghei Lavrov au deja o \u00eent\u00e2lnire \u00eenainte de discu\u021biile oficiale pentru a pune cap\u0103t r\u0103zboiului din Ucraina, care vor avea loc f\u0103r\u0103 Kiev \u0219i sus\u021bin\u0103torii s\u0103i europeni. Al\u021bi oficiali americani prezen\u021bi la discu\u021biile de la Riad sunt consilierul pentru securitate na\u021bional\u0103 Mike Waltz \u0219i trimisul pentru Orientul Mijlociu Steve Witkoff. Din partea Rusiei se afl\u0103 personalit\u0103\u021bi politice, de informa\u021bii \u0219i economice de nivel \u00eenalt, inclusiv \u0219eful fondului suveran de investi\u021bii Kirill Dmitriev, care a jucat un rol-cheie \u00een culisele unui acord recent de eliberare a prizonierilor americani.<\/p>\n<p><a href=\"https:\/\/www.digi24.ro\/stiri\/actualitate\/musk-impresionat-de-delegatia-rusa-condusa-de-serghei-lavrov-la-negocierile-cu-sua-despre-ucraina-asa-arata-o-conducere-competenta-3125917\"><strong>digi24.ro<\/strong><\/a><\/p>\n<\/div>\n","protected":false},"excerpt":{"rendered":"<div><img loading=\"lazy\" decoding=\"async\" width=\"696\" height=\"393\" src=\"https:\/\/canal5.md\/wp-content\/uploads\/2025\/02\/odamad00ndamagfzad0ynwnimji1yzu4ndjjyjm4yzzhote3oda4otqxyzqyzg.thumb_-optimized.jpg\" class=\"attachment-large size-large wp-post-image\" alt=\"\" srcset=\"https:\/\/canal5.md\/wp-content\/uploads\/2025\/02\/odamad00ndamagfzad0ynwnimji1yzu4ndjjyjm4yzzhote3oda4otqxyzqyzg.thumb_-optimized.jpg 780w, https:\/\/canal5.md\/wp-content\/uploads\/2025\/02\/odamad00ndamagfzad0ynwnimji1yzu4ndjjyjm4yzzhote3oda4otqxyzqyzg.thumb_-300x169-optimized.jpg 300w, https:\/\/canal5.md\/wp-content\/uploads\/2025\/02\/odamad00ndamagfzad0ynwnimji1yzu4ndjjyjm4yzzhote3oda4otqxyzqyzg.thumb_-768x433-optimized.jpg 768w, https:\/\/canal5.md\/wp-content\/uploads\/2025\/02\/odamad00ndamagfzad0ynwnimji1yzu4ndjjyjm4yzzhote3oda4otqxyzqyzg.thumb_-696x393-optimized.jpg 696w\">Miliardarul american Elon Musk s-a declarat impresionat de delega\u021bia condus\u0103 de Serghei Lavrov pe care Federa\u021bia Rus\u0103 a trimis-o la Riad, la negocierile cu SUA legate de r\u0103zboiul din Ucraina. \u201eA\u0219a arat\u0103 o conducere competent\u0103\u201d, a scris Musk pe contul s\u0103u de X\/Twitter, \u00eentr-o postare \u00een care a distribuit un clip video care arat\u0103 sosirea [\u2026]<\/div>\n","protected":false},"author":1,"featured_media":67416,"comment_status":"closed","ping_status":"closed","sticky":false,"template":"","format":"standard","meta":{"jnews-multi-image_gallery":[],"jnews_single_post":[],"jnews_primary_category":[],"jnews_social_meta":[],"jnews_override_counter":[],"footnotes":""},"categories":[29],"tags":[],"class_list":["post-67415","post","type-post","status-publish","format-standard","has-post-thumbnail","hentry","category-externe_ro"],"_links":{"self":[{"href":"https:\/\/orheifm.live\/index.php\/wp-json\/wp\/v2\/posts\/67415","targetHints":{"allow":["GET"]}}],"collection":[{"href":"https:\/\/orheifm.live\/index.php\/wp-json\/wp\/v2\/posts"}],"about":[{"href":"https:\/\/orheifm.live\/index.php\/wp-json\/wp\/v2\/types\/post"}],"author":[{"embeddable":true,"href":"https:\/\/orheifm.live\/index.php\/wp-json\/wp\/v2\/users\/1"}],"replies":[{"embeddable":true,"href":"https:\/\/orheifm.live\/index.php\/wp-json\/wp\/v2\/comments?post=67415"}],"version-history":[{"count":0,"href":"https:\/\/orheifm.live\/index.php\/wp-json\/wp\/v2\/posts\/67415\/revisions"}],"wp:featuredmedia":[{"embeddable":true,"href":"https:\/\/orheifm.live\/index.php\/wp-json\/wp\/v2\/media\/67416"}],"wp:attachment":[{"href":"https:\/\/orheifm.live\/index.php\/wp-json\/wp\/v2\/media?parent=67415"}],"wp:term":[{"taxonomy":"category","embeddable":true,"href":"https:\/\/orheifm.live\/index.php\/wp-json\/wp\/v2\/categories?post=67415"},{"taxonomy":"post_tag","embeddable":true,"href":"https:\/\/orheifm.live\/index.php\/wp-json\/wp\/v2\/tags?post=67415"}],"curies":[{"name":"wp","href":"https:\/\/api.w.org\/{rel}","templated":true}]}}