{"id":67413,"date":"2025-02-18T23:43:52","date_gmt":"2025-02-18T21:43:52","guid":{"rendered":"https:\/\/orheifm.live\/index.php\/2025\/02\/18\/v-a-spus-ca-sunteti-omul-kremlinului-maia-sandu-a-vrut-fotografia-cu-ion-ceban-din-prezidentiale\/"},"modified":"2025-02-18T23:43:52","modified_gmt":"2025-02-18T21:43:52","slug":"v-a-spus-ca-sunteti-omul-kremlinului-maia-sandu-a-vrut-fotografia-cu-ion-ceban-din-prezidentiale","status":"publish","type":"post","link":"https:\/\/orheifm.live\/index.php\/2025\/02\/18\/v-a-spus-ca-sunteti-omul-kremlinului-maia-sandu-a-vrut-fotografia-cu-ion-ceban-din-prezidentiale\/","title":{"rendered":"\u201eV-a spus c\u0103 sunte\u021bi omul Kremlinului?!\u201d Maia Sandu a vrut fotografia cu Ion Ceban, din preziden\u021biale"},"content":{"rendered":"<div>\n<p><strong>Primarul capitalei, Ion Ceban, liderul MAN, d\u0103 de \u00een\u021beles c\u0103 \u00eentrevederea cu \u0219efa statului Maia Sandu, \u00een campania electoral\u0103 din alegerile preziden\u021biale, ar fi la ini\u021biativa pre\u0219edintei. \u201eMi se pare evident, eu nu am fost cadidat la func\u021bia de pre\u0219edinte\u201d, a declarat Ceban la emisiunea \u201e<a href=\"https:\/\/www.youtube.com\/watch?v=yd2slt4eeVQ\">Gon\u021ba Media<\/a><\/strong><\/p>\n<p>\u00centrebat dac\u0103 la acea \u00eentrevedere (n.r. cu Maia Sandu) i s-a spus c\u0103 \u201eeste omul Kremlinului\u201d, liderul MAN a declarat: \u201eNu, nu mi s-a zis.\u201d<\/p>\n<p>\u201eE nevoie de cooperare, \u00eentre institu\u021bii, \u00een primul r\u00e2nd. Este normal ca omenii s\u0103 comunice la nivel institu\u021bional. Poate s\u0103 nu-mi plac\u0103 culoarea ochilor sau percep\u021bia despre unele procese, dar institu\u021biile sunt obligate s\u0103 comunice\u201d, a explicat Ceban.<\/p>\n<p>\u201eCe v\u0103 pot spune e c\u0103 dup\u0103 acea vineri (n.r. 1 noiembrie 2024), au urmat inspec\u021bii financiare mar\u021bi, inspec\u021bii sociale miercuri, peste o s\u0103pt\u0103m\u00e2n\u0103 s-a \u00eenceput t\u00e2mpenia Ministerului Educa\u021biei, legat\u0103 de salariile profesorilor. Iar, \u00eenc\u0103 peste o s\u0103pt\u0103m\u00e2n\u0103 au \u00eenceput acele show-uri pe la Prim\u0103rie\u201d, a mai ad\u0103ugat liderul MAN.<\/p>\n<p>\u201eS\u0103 stau de partea cealalt\u0103 a baricadei, nici m\u0103car s\u0103 nu vorbesc, nu pot. A\u0219a este firea mea!\u201d, a conchis Ion Ceban.<\/p>\n<p>Pe 1 noiembrie 2024,\u00a0Maia Sandu, a avut o \u00eentrevedere cu primarul general, Ion Ceban.\u00a0Cei doi au discutat despre dezvoltarea ora\u0219ului Chi\u0219in\u0103u \u0219i parcursul european al Republicii Moldova.<\/p>\n<p>Anterior, primarul general\u00a0Ion Ceban a avut o \u00eentrevedere cu Alexandr Stoianoglo, care a candidat la func\u021bia de pre\u0219edinte al Republicii Moldova.\u00a0Edilul a men\u021bionat c\u0103 discu\u021biile au fost axate pe dezvolarea Chi\u0219in\u0103ului \u0219i a precizat c\u0103 este gata s\u0103 se \u00eent\u00e2lneaz\u0103 \u0219i cu Maia Sandu.<\/p>\n<p><a href=\"https:\/\/unimedia.info\/ro\/news\/6991a36bd4e0f8fd\/stop-cadru-v-a-spus-ca-sunteti-omul-kremlinului-maia-sandu-a-vrut-fotografia-cu-ion-ceban-din-prezidentiale.html\"><strong>Unimedia<\/strong><\/a><\/p>\n<\/div>\n","protected":false},"excerpt":{"rendered":"<div><img loading=\"lazy\" decoding=\"async\" width=\"696\" height=\"392\" src=\"https:\/\/canal5.md\/wp-content\/uploads\/2025\/02\/82e7fe61021a50deb2c4c6b157437f883bf4b4513fb918d8a08a6a27bae61b56-optimized.jpg\" class=\"attachment-large size-large wp-post-image\" alt=\"\" srcset=\"https:\/\/canal5.md\/wp-content\/uploads\/2025\/02\/82e7fe61021a50deb2c4c6b157437f883bf4b4513fb918d8a08a6a27bae61b56-optimized.jpg 800w, https:\/\/canal5.md\/wp-content\/uploads\/2025\/02\/82e7fe61021a50deb2c4c6b157437f883bf4b4513fb918d8a08a6a27bae61b56-300x169-optimized.jpg 300w, https:\/\/canal5.md\/wp-content\/uploads\/2025\/02\/82e7fe61021a50deb2c4c6b157437f883bf4b4513fb918d8a08a6a27bae61b56-768x432-optimized.jpg 768w, https:\/\/canal5.md\/wp-content\/uploads\/2025\/02\/82e7fe61021a50deb2c4c6b157437f883bf4b4513fb918d8a08a6a27bae61b56-696x392-optimized.jpg 696w\">Primarul capitalei, Ion Ceban, liderul MAN, d\u0103 de \u00een\u021beles c\u0103 \u00eentrevederea cu \u0219efa statului Maia Sandu, \u00een campania electoral\u0103 din alegerile preziden\u021biale, ar fi la ini\u021biativa pre\u0219edintei. \u201eMi se pare evident, eu nu am fost cadidat la func\u021bia de pre\u0219edinte\u201d, a declarat Ceban la emisiunea \u201eGon\u021ba Media \u00centrebat dac\u0103 la acea \u00eentrevedere (n.r. cu Maia [\u2026]<\/div>\n","protected":false},"author":1,"featured_media":67414,"comment_status":"closed","ping_status":"closed","sticky":false,"template":"","format":"standard","meta":{"jnews-multi-image_gallery":[],"jnews_single_post":[],"jnews_primary_category":[],"jnews_social_meta":[],"jnews_override_counter":[],"footnotes":""},"categories":[30],"tags":[],"class_list":["post-67413","post","type-post","status-publish","format-standard","has-post-thumbnail","hentry","category-social_ro"],"_links":{"self":[{"href":"https:\/\/orheifm.live\/index.php\/wp-json\/wp\/v2\/posts\/67413","targetHints":{"allow":["GET"]}}],"collection":[{"href":"https:\/\/orheifm.live\/index.php\/wp-json\/wp\/v2\/posts"}],"about":[{"href":"https:\/\/orheifm.live\/index.php\/wp-json\/wp\/v2\/types\/post"}],"author":[{"embeddable":true,"href":"https:\/\/orheifm.live\/index.php\/wp-json\/wp\/v2\/users\/1"}],"replies":[{"embeddable":true,"href":"https:\/\/orheifm.live\/index.php\/wp-json\/wp\/v2\/comments?post=67413"}],"version-history":[{"count":0,"href":"https:\/\/orheifm.live\/index.php\/wp-json\/wp\/v2\/posts\/67413\/revisions"}],"wp:featuredmedia":[{"embeddable":true,"href":"https:\/\/orheifm.live\/index.php\/wp-json\/wp\/v2\/media\/67414"}],"wp:attachment":[{"href":"https:\/\/orheifm.live\/index.php\/wp-json\/wp\/v2\/media?parent=67413"}],"wp:term":[{"taxonomy":"category","embeddable":true,"href":"https:\/\/orheifm.live\/index.php\/wp-json\/wp\/v2\/categories?post=67413"},{"taxonomy":"post_tag","embeddable":true,"href":"https:\/\/orheifm.live\/index.php\/wp-json\/wp\/v2\/tags?post=67413"}],"curies":[{"name":"wp","href":"https:\/\/api.w.org\/{rel}","templated":true}]}}