{"id":67381,"date":"2025-02-18T19:20:10","date_gmt":"2025-02-18T17:20:10","guid":{"rendered":"https:\/\/orheifm.live\/index.php\/2025\/02\/18\/bmw-furat-din-olanda-retinut-la-frontiera-cu-documente-false-din-germania\/"},"modified":"2025-02-18T19:20:10","modified_gmt":"2025-02-18T17:20:10","slug":"bmw-furat-din-olanda-retinut-la-frontiera-cu-documente-false-din-germania","status":"publish","type":"post","link":"https:\/\/orheifm.live\/index.php\/2025\/02\/18\/bmw-furat-din-olanda-retinut-la-frontiera-cu-documente-false-din-germania\/","title":{"rendered":"BMW furat din Olanda, re\u021binut la frontier\u0103 cu documente false din Germania"},"content":{"rendered":"<div>\n<p><strong>Poli\u021bi\u0219tii de frontier\u0103 din Punctul de Trecere a Frontierei Albi\u021ba au descoperit \u0219i re\u021binut un autoturism BMW seria 3, care figura ca fiind furat din Olanda, dup\u0103 ce transportatorul, un b\u0103rbat cu dubl\u0103 cet\u0103\u021benie bulgar\u0103 \u0219i moldovean\u0103, a prezentat documente de \u00eenmatriculare furate din Germania.<\/strong><\/p>\n<p>S\u0103pt\u0103m\u00e2na trecut\u0103, b\u0103rbatul \u00een v\u00e2rst\u0103 de 52 de ani s-a prezentat la controlul de frontier\u0103, transport\u00e2nd cu o platform\u0103 autoturismul respectiv. Av\u00e2nd suspiciuni cu privire la provenien\u021ba vehiculului, poli\u021bi\u0219tii au efectuat verific\u0103ri suplimentare, constat\u00e2nd c\u0103 ma\u0219ina figura ca fiind furat\u0103 din Olanda, iar documentele de \u00eenmatriculare erau furate din Germania.<\/p>\n<p>B\u0103rbatul a declarat c\u0103, la cererea unui cona\u021bional, a achizi\u021bionat autoturismul din Germania pentru 23.000 de euro \u0219i c\u0103 i-au fost predate toate documentele atunci c\u00e2nd l-a preluat. El a afirmat c\u0103 nu \u0219tia de neregulile descoperite.<\/p>\n<p>Poli\u021bi\u0219tii de frontier\u0103 continu\u0103 cercet\u0103rile pentru furt, uz de fals \u0219i fals material \u00een \u00eenscrisuri oficiale. Autoturismul, \u00een valoare de 150.000 de lei, precum \u0219i documentele, au fost re\u021binute pentru investigarea cazului, conform ITPF Ia\u0219i.<\/p>\n<\/div>\n","protected":false},"excerpt":{"rendered":"<div><img loading=\"lazy\" decoding=\"async\" width=\"696\" height=\"417\" src=\"https:\/\/canal5.md\/wp-content\/uploads\/2025\/02\/2a355d40888ed18e210c2caf4a09ba7c2791938f81b9ad1dbd078941d1d30239-1024x614-optimized.jpg\" class=\"attachment-large size-large wp-post-image\" alt=\"\" srcset=\"https:\/\/canal5.md\/wp-content\/uploads\/2025\/02\/2a355d40888ed18e210c2caf4a09ba7c2791938f81b9ad1dbd078941d1d30239-1024x614-optimized.jpg 1024w, https:\/\/canal5.md\/wp-content\/uploads\/2025\/02\/2a355d40888ed18e210c2caf4a09ba7c2791938f81b9ad1dbd078941d1d30239-300x180-optimized.jpg 300w, https:\/\/canal5.md\/wp-content\/uploads\/2025\/02\/2a355d40888ed18e210c2caf4a09ba7c2791938f81b9ad1dbd078941d1d30239-768x461-optimized.jpg 768w, https:\/\/canal5.md\/wp-content\/uploads\/2025\/02\/2a355d40888ed18e210c2caf4a09ba7c2791938f81b9ad1dbd078941d1d30239-696x418-optimized.jpg 696w, https:\/\/canal5.md\/wp-content\/uploads\/2025\/02\/2a355d40888ed18e210c2caf4a09ba7c2791938f81b9ad1dbd078941d1d30239-1068x641-optimized.jpg 1068w, https:\/\/canal5.md\/wp-content\/uploads\/2025\/02\/2a355d40888ed18e210c2caf4a09ba7c2791938f81b9ad1dbd078941d1d30239-optimized.jpg 1200w\">Poli\u021bi\u0219tii de frontier\u0103 din Punctul de Trecere a Frontierei Albi\u021ba au descoperit \u0219i re\u021binut un autoturism BMW seria 3, care figura ca fiind furat din Olanda, dup\u0103 ce transportatorul, un b\u0103rbat cu dubl\u0103 cet\u0103\u021benie bulgar\u0103 \u0219i moldovean\u0103, a prezentat documente de \u00eenmatriculare furate din Germania. S\u0103pt\u0103m\u00e2na trecut\u0103, b\u0103rbatul \u00een v\u00e2rst\u0103 de 52 de ani s-a [\u2026]<\/div>\n","protected":false},"author":1,"featured_media":67382,"comment_status":"closed","ping_status":"closed","sticky":false,"template":"","format":"standard","meta":{"jnews-multi-image_gallery":[],"jnews_single_post":[],"jnews_primary_category":[],"jnews_social_meta":[],"jnews_override_counter":[],"footnotes":""},"categories":[30],"tags":[],"class_list":["post-67381","post","type-post","status-publish","format-standard","has-post-thumbnail","hentry","category-social_ro"],"_links":{"self":[{"href":"https:\/\/orheifm.live\/index.php\/wp-json\/wp\/v2\/posts\/67381","targetHints":{"allow":["GET"]}}],"collection":[{"href":"https:\/\/orheifm.live\/index.php\/wp-json\/wp\/v2\/posts"}],"about":[{"href":"https:\/\/orheifm.live\/index.php\/wp-json\/wp\/v2\/types\/post"}],"author":[{"embeddable":true,"href":"https:\/\/orheifm.live\/index.php\/wp-json\/wp\/v2\/users\/1"}],"replies":[{"embeddable":true,"href":"https:\/\/orheifm.live\/index.php\/wp-json\/wp\/v2\/comments?post=67381"}],"version-history":[{"count":0,"href":"https:\/\/orheifm.live\/index.php\/wp-json\/wp\/v2\/posts\/67381\/revisions"}],"wp:featuredmedia":[{"embeddable":true,"href":"https:\/\/orheifm.live\/index.php\/wp-json\/wp\/v2\/media\/67382"}],"wp:attachment":[{"href":"https:\/\/orheifm.live\/index.php\/wp-json\/wp\/v2\/media?parent=67381"}],"wp:term":[{"taxonomy":"category","embeddable":true,"href":"https:\/\/orheifm.live\/index.php\/wp-json\/wp\/v2\/categories?post=67381"},{"taxonomy":"post_tag","embeddable":true,"href":"https:\/\/orheifm.live\/index.php\/wp-json\/wp\/v2\/tags?post=67381"}],"curies":[{"name":"wp","href":"https:\/\/api.w.org\/{rel}","templated":true}]}}