{"id":67377,"date":"2025-02-18T18:40:34","date_gmt":"2025-02-18T16:40:34","guid":{"rendered":"https:\/\/orheifm.live\/index.php\/2025\/02\/18\/barbat-din-soroca-internat-la-psihiatrie-dupa-ce-a-violat-un-copil-de-11-ani\/"},"modified":"2025-02-18T18:40:34","modified_gmt":"2025-02-18T16:40:34","slug":"barbat-din-soroca-internat-la-psihiatrie-dupa-ce-a-violat-un-copil-de-11-ani","status":"publish","type":"post","link":"https:\/\/orheifm.live\/index.php\/2025\/02\/18\/barbat-din-soroca-internat-la-psihiatrie-dupa-ce-a-violat-un-copil-de-11-ani\/","title":{"rendered":"B\u0103rbat din Soroca, internat la Psihiatrie dup\u0103 ce a violat un copil de 11 ani"},"content":{"rendered":"<div>\n<div id=\"model-response-message-contentr_2491fe61c94d60d9\" class=\"markdown markdown-main-panel\" dir=\"ltr\">\n<p data-sourcepos=\"1:1-1:162\"><strong>Un b\u0103rbat din Soroca a fost internat \u00een Spitalul de Psihiatrie B\u0103l\u021bi dup\u0103 ce a violat un copil de 11 ani. Sentin\u021ba a fost pronun\u021bat\u0103 zilele trecute de magistra\u021bi.<\/strong><\/p>\n<p data-sourcepos=\"3:1-3:245\">Cazul s-a produs \u00een iunie 2023, c\u00e2nd individul, \u00een timp ce se deplasa pe o strad\u0103 din sat, a observat minorul, c\u0103ruia i-a propus s\u0103 mearg\u0103 la el acas\u0103 pentru a m\u00e2nca dulciuri. Ajun\u0219i la domiciliu, b\u0103rbatul a atacat copilul, dup\u0103 care l-a violat.<\/p>\n<p data-sourcepos=\"5:1-5:241\">\u00cen cadrul urm\u0103ririi penale s-a constatat c\u0103 individul sufer\u0103 de retard mintal moderat cu instabilitate emo\u021bional-volitiv\u0103 sever\u0103. Mai mult, acum 15 ani acesta a fost internat la spitalul de psihiatrie dup\u0103 ce a participat la un viol \u00een grup.<\/p>\n<p data-sourcepos=\"7:1-7:103\">Fiind audiat, minorul a refuzat s\u0103 fac\u0103 declara\u021bii, men\u021bion\u00e2nd c\u0103 nu vrea s\u0103-\u0219i aminteasc\u0103 de acel caz.<\/p>\n<p data-sourcepos=\"9:1-9:100\">Sentin\u021ba nu este definitiv\u0103 \u0219i poate fi atacat\u0103 la Curtea de Apel Nord (B\u0103l\u021bi) \u00een decurs de 15 zile.<\/p>\n<\/div>\n<\/div>\n","protected":false},"excerpt":{"rendered":"<div><img loading=\"lazy\" decoding=\"async\" width=\"696\" height=\"366\" src=\"https:\/\/canal5.md\/wp-content\/uploads\/2025\/02\/a672f3fab28c3c8b554610bdc87cffb9-1024x538-optimized.jpg\" class=\"attachment-large size-large wp-post-image\" alt=\"\" srcset=\"https:\/\/canal5.md\/wp-content\/uploads\/2025\/02\/a672f3fab28c3c8b554610bdc87cffb9-1024x538-optimized.jpg 1024w, https:\/\/canal5.md\/wp-content\/uploads\/2025\/02\/a672f3fab28c3c8b554610bdc87cffb9-300x158-optimized.jpg 300w, https:\/\/canal5.md\/wp-content\/uploads\/2025\/02\/a672f3fab28c3c8b554610bdc87cffb9-768x403-optimized.jpg 768w, https:\/\/canal5.md\/wp-content\/uploads\/2025\/02\/a672f3fab28c3c8b554610bdc87cffb9-696x365-optimized.jpg 696w, https:\/\/canal5.md\/wp-content\/uploads\/2025\/02\/a672f3fab28c3c8b554610bdc87cffb9-1068x561-optimized.jpg 1068w, https:\/\/canal5.md\/wp-content\/uploads\/2025\/02\/a672f3fab28c3c8b554610bdc87cffb9-optimized.jpg 1200w\">Un b\u0103rbat din Soroca a fost internat \u00een Spitalul de Psihiatrie B\u0103l\u021bi dup\u0103 ce a violat un copil de 11 ani. Sentin\u021ba a fost pronun\u021bat\u0103 zilele trecute de magistra\u021bi. Cazul s-a produs \u00een iunie 2023, c\u00e2nd individul, \u00een timp ce se deplasa pe o strad\u0103 din sat, a observat minorul, c\u0103ruia i-a propus s\u0103 mearg\u0103 [\u2026]<\/div>\n","protected":false},"author":1,"featured_media":67378,"comment_status":"closed","ping_status":"closed","sticky":false,"template":"","format":"standard","meta":{"jnews-multi-image_gallery":[],"jnews_single_post":[],"jnews_primary_category":[],"jnews_social_meta":[],"jnews_override_counter":[],"footnotes":""},"categories":[30],"tags":[],"class_list":["post-67377","post","type-post","status-publish","format-standard","has-post-thumbnail","hentry","category-social_ro"],"_links":{"self":[{"href":"https:\/\/orheifm.live\/index.php\/wp-json\/wp\/v2\/posts\/67377","targetHints":{"allow":["GET"]}}],"collection":[{"href":"https:\/\/orheifm.live\/index.php\/wp-json\/wp\/v2\/posts"}],"about":[{"href":"https:\/\/orheifm.live\/index.php\/wp-json\/wp\/v2\/types\/post"}],"author":[{"embeddable":true,"href":"https:\/\/orheifm.live\/index.php\/wp-json\/wp\/v2\/users\/1"}],"replies":[{"embeddable":true,"href":"https:\/\/orheifm.live\/index.php\/wp-json\/wp\/v2\/comments?post=67377"}],"version-history":[{"count":0,"href":"https:\/\/orheifm.live\/index.php\/wp-json\/wp\/v2\/posts\/67377\/revisions"}],"wp:featuredmedia":[{"embeddable":true,"href":"https:\/\/orheifm.live\/index.php\/wp-json\/wp\/v2\/media\/67378"}],"wp:attachment":[{"href":"https:\/\/orheifm.live\/index.php\/wp-json\/wp\/v2\/media?parent=67377"}],"wp:term":[{"taxonomy":"category","embeddable":true,"href":"https:\/\/orheifm.live\/index.php\/wp-json\/wp\/v2\/categories?post=67377"},{"taxonomy":"post_tag","embeddable":true,"href":"https:\/\/orheifm.live\/index.php\/wp-json\/wp\/v2\/tags?post=67377"}],"curies":[{"name":"wp","href":"https:\/\/api.w.org\/{rel}","templated":true}]}}