{"id":67375,"date":"2025-02-18T18:28:40","date_gmt":"2025-02-18T16:28:40","guid":{"rendered":"https:\/\/orheifm.live\/index.php\/2025\/02\/18\/news-alert-dorin-junghietu-propus-pentru-functia-de-ministru-al-energiei\/"},"modified":"2025-02-18T18:28:40","modified_gmt":"2025-02-18T16:28:40","slug":"news-alert-dorin-junghietu-propus-pentru-functia-de-ministru-al-energiei","status":"publish","type":"post","link":"https:\/\/orheifm.live\/index.php\/2025\/02\/18\/news-alert-dorin-junghietu-propus-pentru-functia-de-ministru-al-energiei\/","title":{"rendered":"NEWS ALERT \/\/ Dorin Junghietu, propus pentru func\u021bia de ministru al Energiei"},"content":{"rendered":"<div>\n<p><strong>Dorin Junghietu a fost propus pentru func\u021bia de ministru al Energiei. Anun\u021bul a fost f\u0103cut de prim-ministrul Dorin Recean.<br \/>\n<\/strong><\/p>\n<p>\u201e<em>I-am propus, ast\u0103zi, doamnei pre\u0219edint\u0103 Maia Sandu numirea lui Dorin Junghietu \u00een func\u021bia de ministru al Energiei. Expert \u00een domeniul gazelor \u0219i energiei, cu o experien\u021b\u0103 profesional\u0103 interna\u021bional\u0103 de peste 16 ani \u00een coordonarea \u0219i punerea \u00een func\u021biune a unor proiecte majore \u00een domeniul energetic, domnul Junghietu are \u00een fa\u021b\u0103 o responsabilitate complicat\u0103 pentru a gestiona acest domeniu strategic<\/em>\u201d, a scris Recean.<\/p>\n<p>Potrivit \u0219efului Executivului, priorit\u0103\u021bile p\u00e2n\u0103 la sf\u00e2r\u0219itul anului sunt urm\u0103toarele: \u201e<em>S\u0103 \u00eent\u0103reasc\u0103 securitatea energetic\u0103 a \u021b\u0103rii, a\u0219a \u00eenc\u00e2t s\u0103 avem stabilitate \u0219i previzibilitate \u00een livrarea gazelor \u0219i energiei electrice, dar \u0219i cele mai avantajoase tarife, s\u0103 fac\u0103 ordine \u0219i s\u0103 accelereze proiectele investi\u021bionale mari \u2013 cele din sfera energiei regenerabile, eficientiz\u0103rii energetice \u0219i, \u00een special, finalizarea conform termenelor a liniei Vulc\u0103ne\u0219ti-Chi\u0219in\u0103u<\/em>\u201d.<\/p>\n<p>De men\u021bionat c\u0103 Dorin Junghietu a c\u00e2\u0219tigat \u00een toamna 2024 concursul pentru func\u021bia de pre\u0219edinte al Consiliului de administra\u021bie \u201eMoldovagaz\u201d. Totu\u0219i, Gazprom refuz\u0103 s\u0103 aprobe aceast\u0103 schimbare.<\/p>\n<p>\u201e<em>Sunt convins c\u0103, \u00een aceste condi\u021bii, este mai util s\u0103 beneficiem de experien\u021ba domnului Junghietu \u00een calitatea sa de ministru<\/em>\u201d, a conchis Recean.<\/p>\n<p><strong>\u00a0<\/strong><\/p>\n<\/div>\n","protected":false},"excerpt":{"rendered":"<div><img loading=\"lazy\" decoding=\"async\" width=\"557\" height=\"407\" src=\"https:\/\/canal5.md\/wp-content\/uploads\/2025\/02\/67b4ae3cf0d1aa7e4cb1168e_screenshot_4-optimized.jpg\" class=\"attachment-large size-large wp-post-image\" alt=\"\" srcset=\"https:\/\/canal5.md\/wp-content\/uploads\/2025\/02\/67b4ae3cf0d1aa7e4cb1168e_screenshot_4-optimized.jpg 557w, https:\/\/canal5.md\/wp-content\/uploads\/2025\/02\/67b4ae3cf0d1aa7e4cb1168e_screenshot_4-300x219-optimized.jpg 300w\">Dorin Junghietu a fost propus pentru func\u021bia de ministru al Energiei. Anun\u021bul a fost f\u0103cut de prim-ministrul Dorin Recean. \u201eI-am propus, ast\u0103zi, doamnei pre\u0219edint\u0103 Maia Sandu numirea lui Dorin Junghietu \u00een func\u021bia de ministru al Energiei. Expert \u00een domeniul gazelor \u0219i energiei, cu o experien\u021b\u0103 profesional\u0103 interna\u021bional\u0103 de peste 16 ani \u00een coordonarea \u0219i punerea [\u2026]<\/div>\n","protected":false},"author":1,"featured_media":67376,"comment_status":"closed","ping_status":"closed","sticky":false,"template":"","format":"standard","meta":{"jnews-multi-image_gallery":[],"jnews_single_post":[],"jnews_primary_category":[],"jnews_social_meta":[],"jnews_override_counter":[],"footnotes":""},"categories":[23],"tags":[],"class_list":["post-67375","post","type-post","status-publish","format-standard","has-post-thumbnail","hentry","category-politica_ro"],"_links":{"self":[{"href":"https:\/\/orheifm.live\/index.php\/wp-json\/wp\/v2\/posts\/67375","targetHints":{"allow":["GET"]}}],"collection":[{"href":"https:\/\/orheifm.live\/index.php\/wp-json\/wp\/v2\/posts"}],"about":[{"href":"https:\/\/orheifm.live\/index.php\/wp-json\/wp\/v2\/types\/post"}],"author":[{"embeddable":true,"href":"https:\/\/orheifm.live\/index.php\/wp-json\/wp\/v2\/users\/1"}],"replies":[{"embeddable":true,"href":"https:\/\/orheifm.live\/index.php\/wp-json\/wp\/v2\/comments?post=67375"}],"version-history":[{"count":0,"href":"https:\/\/orheifm.live\/index.php\/wp-json\/wp\/v2\/posts\/67375\/revisions"}],"wp:featuredmedia":[{"embeddable":true,"href":"https:\/\/orheifm.live\/index.php\/wp-json\/wp\/v2\/media\/67376"}],"wp:attachment":[{"href":"https:\/\/orheifm.live\/index.php\/wp-json\/wp\/v2\/media?parent=67375"}],"wp:term":[{"taxonomy":"category","embeddable":true,"href":"https:\/\/orheifm.live\/index.php\/wp-json\/wp\/v2\/categories?post=67375"},{"taxonomy":"post_tag","embeddable":true,"href":"https:\/\/orheifm.live\/index.php\/wp-json\/wp\/v2\/tags?post=67375"}],"curies":[{"name":"wp","href":"https:\/\/api.w.org\/{rel}","templated":true}]}}