{"id":67373,"date":"2025-02-18T18:20:34","date_gmt":"2025-02-18T16:20:34","guid":{"rendered":"https:\/\/orheifm.live\/index.php\/2025\/02\/18\/tragedie-in-dobrogea-un-barbat-de-57-de-ani-a-murit-cazand-intr-o-groapa-de-canalizare\/"},"modified":"2025-02-18T18:20:34","modified_gmt":"2025-02-18T16:20:34","slug":"tragedie-in-dobrogea-un-barbat-de-57-de-ani-a-murit-cazand-intr-o-groapa-de-canalizare","status":"publish","type":"post","link":"https:\/\/orheifm.live\/index.php\/2025\/02\/18\/tragedie-in-dobrogea-un-barbat-de-57-de-ani-a-murit-cazand-intr-o-groapa-de-canalizare\/","title":{"rendered":"Tragedie \u00een Dobrogea: Un b\u0103rbat de 57 de ani a murit c\u0103z\u00e2nd \u00eentr-o groap\u0103 de canalizare"},"content":{"rendered":"<div>\n<p><strong>Un b\u0103rbat de 57 de ani, originar din satul Dobrogea, a decedat dup\u0103 ce a c\u0103zut \u00eentr-o groap\u0103 de canalizare. Potrivit surselor pulsmedia.md, cadavrul b\u0103rbatului a fost descoperit pe 17 februarie, \u00een jurul orei 20:14, \u00een curtea casei sale din satul Dobrogea, municipiul Chi\u0219in\u0103u.<\/strong><\/p>\n<p>Se pare c\u0103 victima a c\u0103zut \u00eentr-o gur\u0103 de canalizare ad\u00e2nc\u0103 de aproximativ un metru, iar cadavrul a fost g\u0103sit de o persoan\u0103 care a alertat ulterior Poli\u021bia. La fa\u021ba locului au intervenit angaja\u021bii IGSU, grupul operativ din cadrul IP Botanica \u0219i un medic legist.<\/p>\n<p>Pe trupul b\u0103rbatului nu au fost g\u0103site semne de moarte violent\u0103. Victima a fost transportat\u0103 la Centrul de Medicin\u0103 Legal\u0103 pentru a fi supus\u0103 unor expertize de laborator, iar cauza exact\u0103 a decesului va fi stabilit\u0103 \u00een urma acestora.<\/p>\n<\/div>\n","protected":false},"excerpt":{"rendered":"<div><img loading=\"lazy\" decoding=\"async\" width=\"696\" height=\"392\" src=\"https:\/\/canal5.md\/wp-content\/uploads\/2025\/02\/f3729600e9359f4efb7982765dfbad36-optimized.jpg\" class=\"attachment-large size-large wp-post-image\" alt=\"\" srcset=\"https:\/\/canal5.md\/wp-content\/uploads\/2025\/02\/f3729600e9359f4efb7982765dfbad36-optimized.jpg 762w, https:\/\/canal5.md\/wp-content\/uploads\/2025\/02\/f3729600e9359f4efb7982765dfbad36-300x169-optimized.jpg 300w, https:\/\/canal5.md\/wp-content\/uploads\/2025\/02\/f3729600e9359f4efb7982765dfbad36-696x392-optimized.jpg 696w\">Un b\u0103rbat de 57 de ani, originar din satul Dobrogea, a decedat dup\u0103 ce a c\u0103zut \u00eentr-o groap\u0103 de canalizare. Potrivit surselor pulsmedia.md, cadavrul b\u0103rbatului a fost descoperit pe 17 februarie, \u00een jurul orei 20:14, \u00een curtea casei sale din satul Dobrogea, municipiul Chi\u0219in\u0103u. Se pare c\u0103 victima a c\u0103zut \u00eentr-o gur\u0103 de canalizare ad\u00e2nc\u0103 [\u2026]<\/div>\n","protected":false},"author":1,"featured_media":67374,"comment_status":"closed","ping_status":"closed","sticky":false,"template":"","format":"standard","meta":{"jnews-multi-image_gallery":[],"jnews_single_post":[],"jnews_primary_category":[],"jnews_social_meta":[],"jnews_override_counter":[],"footnotes":""},"categories":[30],"tags":[],"class_list":["post-67373","post","type-post","status-publish","format-standard","has-post-thumbnail","hentry","category-social_ro"],"_links":{"self":[{"href":"https:\/\/orheifm.live\/index.php\/wp-json\/wp\/v2\/posts\/67373","targetHints":{"allow":["GET"]}}],"collection":[{"href":"https:\/\/orheifm.live\/index.php\/wp-json\/wp\/v2\/posts"}],"about":[{"href":"https:\/\/orheifm.live\/index.php\/wp-json\/wp\/v2\/types\/post"}],"author":[{"embeddable":true,"href":"https:\/\/orheifm.live\/index.php\/wp-json\/wp\/v2\/users\/1"}],"replies":[{"embeddable":true,"href":"https:\/\/orheifm.live\/index.php\/wp-json\/wp\/v2\/comments?post=67373"}],"version-history":[{"count":0,"href":"https:\/\/orheifm.live\/index.php\/wp-json\/wp\/v2\/posts\/67373\/revisions"}],"wp:featuredmedia":[{"embeddable":true,"href":"https:\/\/orheifm.live\/index.php\/wp-json\/wp\/v2\/media\/67374"}],"wp:attachment":[{"href":"https:\/\/orheifm.live\/index.php\/wp-json\/wp\/v2\/media?parent=67373"}],"wp:term":[{"taxonomy":"category","embeddable":true,"href":"https:\/\/orheifm.live\/index.php\/wp-json\/wp\/v2\/categories?post=67373"},{"taxonomy":"post_tag","embeddable":true,"href":"https:\/\/orheifm.live\/index.php\/wp-json\/wp\/v2\/tags?post=67373"}],"curies":[{"name":"wp","href":"https:\/\/api.w.org\/{rel}","templated":true}]}}