{"id":67371,"date":"2025-02-18T18:00:34","date_gmt":"2025-02-18T16:00:34","guid":{"rendered":"https:\/\/orheifm.live\/index.php\/2025\/02\/18\/lupta-mamei-lui-mihai-continua-procesul-primarului-din-bolduresti-amanat-din-nou\/"},"modified":"2025-02-18T18:00:34","modified_gmt":"2025-02-18T16:00:34","slug":"lupta-mamei-lui-mihai-continua-procesul-primarului-din-bolduresti-amanat-din-nou","status":"publish","type":"post","link":"https:\/\/orheifm.live\/index.php\/2025\/02\/18\/lupta-mamei-lui-mihai-continua-procesul-primarului-din-bolduresti-amanat-din-nou\/","title":{"rendered":"Lupta mamei lui Mihai continu\u0103: procesul primarului din Boldure\u0219ti am\u00e2nat din nou"},"content":{"rendered":"<div>\n<p><strong>Ion Guzun, membru al Consiliului Superior al Magistraturii (CSM), a anun\u021bat, \u00een cadrul unei \u0219edin\u021be a CSM, c\u0103 va demara o procedur\u0103 disciplinar\u0103 \u00eempotriva judec\u0103toarei care se ocup\u0103 de dosarul primarului din Boldure\u0219ti, acuzat c\u0103 a lovit mortal un adolescent. Potrivit lui Guzun, mai multe \u0219edin\u021be de judecat\u0103 au fost am\u00e2nate, iar primarul re\u00eentors la munc\u0103 \u00een institu\u021bia public\u0103.<\/strong><\/p>\n<p>\u201e\u00cen ultimele s\u0103pt\u0103m\u00e2ni, dar \u0219i \u00een viitor, CSM va organiza \u00eent\u00e2lniri cu instan\u021bele pentru a discuta despre provoc\u0103rile \u0219i progresele acestora. Am observat c\u0103 unii judec\u0103tori fac eforturi pentru a examina dosarele la timp, \u00eens\u0103 al\u021bii pot afecta \u00eencrederea \u00een justi\u021bie prin tergiversarea proceselor\u201d, a declarat Guzun, subliniind c\u0103 astfel de cazuri, \u00een care dosarele nu sunt tratate cu prioritate, submineaz\u0103 eforturile de eficientizare a sistemului judiciar.<\/p>\n<p>\u00cen acest caz, mama b\u0103iatului, Mihai, decedat \u00een urma accidentului, a criticat tergiversarea procesului \u0219i a promis s\u0103 lupte pentru dreptate. De asemenea, ea a publicat un mesaj pe re\u021belele de socializare, exprim\u00e2ndu-\u0219i dorin\u021ba de a vedea vinovatul \u00eenchis.<\/p>\n<p>Accidentul a avut loc pe 19 februarie, c\u00e2nd Mihai, \u00een v\u00e2rst\u0103 de 14 ani, a fost lovit mortal de primarul din Boldure\u0219ti, Nicanor Ciochin\u0103, care a fugit de la locul accidentului \u0219i a fost re\u021binut ulterior. Mama victimei a cerut ajutorul publicului pentru a g\u0103si r\u0103spunsuri \u0219i a dezv\u0103luit c\u0103 so\u021bia primarului fusese profesoara lui Mihai. Martorii au relatat c\u0103 so\u021bia primarului se afla \u00een ma\u0219in\u0103 \u00een momentul accidentului.<\/p>\n<p>Pe 17 februarie, a avut loc a 18-a \u0219edin\u021b\u0103 de judecat\u0103, care a fost am\u00e2nat\u0103. \u00cen acela\u0219i timp, procuratura a anun\u021bat re\u021binerea unui stomatolog care l-ar fi ajutat pe primar s\u0103 ascund\u0103 urmele accidentului. La aceea\u0219i dat\u0103, primarul a fost plasat \u00een arest preventiv pentru 30 de zile, iar avocatul s\u0103u a invocat probleme de s\u0103n\u0103tate pentru a cere examinarea cauzei \u00een lipsa acestuia.<\/p>\n<p>\u00cen luna martie, o \u00eenregistrare a apelului mamei la serviciul 112 a fost f\u0103cut\u0103 public\u0103, \u00een care femeia implora ajutorul echipajului de ambulan\u021b\u0103. Mama lui Mihai a subliniat c\u0103 nu poate ierta primarul pentru c\u0103 nu s-a oprit s\u0103-i acorde ajutor fiului s\u0103u. Pe de alt\u0103 parte, avocatul primarului a sus\u021binut c\u0103 clientul s\u0103u este nevinovat, iar martorii ar fi influen\u021ba\u021bi negativ.<\/p>\n<p>\u00cen decembrie 2024 \u0219i februarie 2025, au fost am\u00e2nate \u0219i alte \u0219edin\u021be de judecat\u0103, iar avocatul familiei a cerut aplicarea de sanc\u021biuni pentru \u00eent\u00e2rzierea procesului.<\/p>\n<\/div>\n","protected":false},"excerpt":{"rendered":"<div><img loading=\"lazy\" decoding=\"async\" width=\"696\" height=\"392\" src=\"https:\/\/canal5.md\/wp-content\/uploads\/2025\/02\/20530078575b6cb038085250ac985bf4387fa2ffa322c9c01a2b06a3f32aed79-optimized.png\" class=\"attachment-large size-large wp-post-image\" alt=\"\" srcset=\"https:\/\/canal5.md\/wp-content\/uploads\/2025\/02\/20530078575b6cb038085250ac985bf4387fa2ffa322c9c01a2b06a3f32aed79-optimized.png 800w, https:\/\/canal5.md\/wp-content\/uploads\/2025\/02\/20530078575b6cb038085250ac985bf4387fa2ffa322c9c01a2b06a3f32aed79-300x169-optimized.png 300w, https:\/\/canal5.md\/wp-content\/uploads\/2025\/02\/20530078575b6cb038085250ac985bf4387fa2ffa322c9c01a2b06a3f32aed79-768x432-optimized.png 768w, https:\/\/canal5.md\/wp-content\/uploads\/2025\/02\/20530078575b6cb038085250ac985bf4387fa2ffa322c9c01a2b06a3f32aed79-696x392-optimized.png 696w\">Ion Guzun, membru al Consiliului Superior al Magistraturii (CSM), a anun\u021bat, \u00een cadrul unei \u0219edin\u021be a CSM, c\u0103 va demara o procedur\u0103 disciplinar\u0103 \u00eempotriva judec\u0103toarei care se ocup\u0103 de dosarul primarului din Boldure\u0219ti, acuzat c\u0103 a lovit mortal un adolescent. Potrivit lui Guzun, mai multe \u0219edin\u021be de judecat\u0103 au fost am\u00e2nate, iar primarul re\u00eentors la [\u2026]<\/div>\n","protected":false},"author":1,"featured_media":67372,"comment_status":"closed","ping_status":"closed","sticky":false,"template":"","format":"standard","meta":{"jnews-multi-image_gallery":[],"jnews_single_post":[],"jnews_primary_category":[],"jnews_social_meta":[],"jnews_override_counter":[],"footnotes":""},"categories":[30],"tags":[],"class_list":["post-67371","post","type-post","status-publish","format-standard","has-post-thumbnail","hentry","category-social_ro"],"_links":{"self":[{"href":"https:\/\/orheifm.live\/index.php\/wp-json\/wp\/v2\/posts\/67371","targetHints":{"allow":["GET"]}}],"collection":[{"href":"https:\/\/orheifm.live\/index.php\/wp-json\/wp\/v2\/posts"}],"about":[{"href":"https:\/\/orheifm.live\/index.php\/wp-json\/wp\/v2\/types\/post"}],"author":[{"embeddable":true,"href":"https:\/\/orheifm.live\/index.php\/wp-json\/wp\/v2\/users\/1"}],"replies":[{"embeddable":true,"href":"https:\/\/orheifm.live\/index.php\/wp-json\/wp\/v2\/comments?post=67371"}],"version-history":[{"count":0,"href":"https:\/\/orheifm.live\/index.php\/wp-json\/wp\/v2\/posts\/67371\/revisions"}],"wp:featuredmedia":[{"embeddable":true,"href":"https:\/\/orheifm.live\/index.php\/wp-json\/wp\/v2\/media\/67372"}],"wp:attachment":[{"href":"https:\/\/orheifm.live\/index.php\/wp-json\/wp\/v2\/media?parent=67371"}],"wp:term":[{"taxonomy":"category","embeddable":true,"href":"https:\/\/orheifm.live\/index.php\/wp-json\/wp\/v2\/categories?post=67371"},{"taxonomy":"post_tag","embeddable":true,"href":"https:\/\/orheifm.live\/index.php\/wp-json\/wp\/v2\/tags?post=67371"}],"curies":[{"name":"wp","href":"https:\/\/api.w.org\/{rel}","templated":true}]}}