{"id":67367,"date":"2025-02-18T17:00:22","date_gmt":"2025-02-18T15:00:22","guid":{"rendered":"https:\/\/orheifm.live\/index.php\/2025\/02\/18\/disparitia-madalinei-cojocari-misterul-din-sua-si-noi-descoperiri-socante\/"},"modified":"2025-02-18T17:00:22","modified_gmt":"2025-02-18T15:00:22","slug":"disparitia-madalinei-cojocari-misterul-din-sua-si-noi-descoperiri-socante","status":"publish","type":"post","link":"https:\/\/orheifm.live\/index.php\/2025\/02\/18\/disparitia-madalinei-cojocari-misterul-din-sua-si-noi-descoperiri-socante\/","title":{"rendered":"Dispari\u021bia M\u0103d\u0103linei Cojocari: Misterul din SUA \u0219i noi descoperiri \u0219ocante"},"content":{"rendered":"<div>\n<p><strong>Hainele, salteaua \u0219i fotografiile M\u0103d\u0103linei Cojocari, feti\u021ba disp\u0103rut\u0103 \u00een Statele Unite \u00een 2022, au fost distruse \u00eentr-un foc. Conform presei americane, ancheta ini\u021bial\u0103 s-a concentrat asupra presupusei exploat\u0103ri sexuale.<\/strong><\/p>\n<p>Potrivit unor mandate ob\u021binute de WCNC Charlotte, \u00een zilele dup\u0103 dispari\u021bia M\u0103d\u0103linei, salteaua ei, hainele, costumul de Halloween \u0219i fotografiile de familie au fost arse \u00eentr-un foc de tab\u0103r\u0103 \u00een fa\u021ba unei case din Cornelius. De asemenea, un covor din dormitorul de la etaj a fost ars. \u00cen cadrul procesului s\u0103u din mai 2023, tat\u0103l vitreg al M\u0103d\u0103linei, Christopher Palmiter, a m\u0103rturisit c\u0103 mama feti\u021bei, Diana Cojocari, ardea frecvent lucruri \u00een acea perioad\u0103.<\/p>\n<p>\u201eM\u0103 duceam la focul de tab\u0103r\u0103 \u0219i am v\u0103zut c\u0103 se ardeau obiecte care nu trebuiau s\u0103 fie arse, cum ar fi c\u0103nile de inox \u0219i obiecte metalice\u201d, a spus Palmiter. \u201eErau multe lucruri acolo \u0219i, a doua zi, totul disp\u0103ruse, chiar \u0219i cenu\u0219a fusese cur\u0103\u021bat\u0103.\u201d<\/p>\n<p>\u00cen plus, se afl\u0103 informa\u021bii potrivit c\u0103rora Diana Cojocari ar fi pl\u0103tit un preot din Moldova cu 4.000 de dolari, sum\u0103 trimis\u0103 prin Western Union \u00een s\u0103pt\u0103m\u00e2nile dup\u0103 dispari\u021bia M\u0103d\u0103linei. De asemenea, un telefon confiscat de anchetatori \u00een decembrie 2022 a dus la descoperirea unui cont Discord cu 37 de mesaje necitite, iar anchetatorii suspecteaz\u0103 c\u0103 acest cont ar fi al M\u0103d\u0103linei. Anchetatorii cred c\u0103 aceasta ar putea fi legat\u0103 de presupusa exploatare sexual\u0103 a minorei.<\/p>\n<p>M\u0103d\u0103lina Cojocari, \u00een v\u00e2rst\u0103 de 11 ani, a disp\u0103rut \u00een noiembrie 2022. P\u0103rin\u021bii au \u00eent\u00e2rziat s\u0103 anun\u021be poli\u021bia \u0219i, acum, sunt aresta\u021bi. FBI-ul continu\u0103 s\u0103 o caute, iar ancheta a dezv\u0103luit c\u0103, \u00een perioada dispari\u021biei, mama M\u0103d\u0103linei a c\u0103l\u0103torit \u00een Madison County, la dou\u0103 ore de Cornelius, iar autorit\u0103\u021bile caut\u0103 martori care ar fi v\u0103zut-o \u00een acea zon\u0103.<\/p>\n<p>Pe l\u00e2ng\u0103 aceste detalii, focul \u00een curtea casei unde locuia M\u0103d\u0103lina a fost investigat, iar martorii au observat fl\u0103c\u0103ri \u0219i fum \u00een zona casei la sf\u00e2r\u0219itul lunii noiembrie, cu dou\u0103 s\u0103pt\u0103m\u00e2ni \u00eenainte de dispari\u021bia feti\u021bei. Focul ar fi ars mai multe zile consecutive.<\/p>\n<p>Bunica M\u0103d\u0103linei din Moldova a acuzat tat\u0103l vitreg al feti\u021bei, spun\u00e2nd c\u0103 acesta ar fi v\u00e2ndut-o pe M\u0103d\u0103lina trafican\u021bilor de fiin\u021be umane. Diana Cojocari \u0219i Christopher Palmiter s-au declarat nevinova\u021bi \u00een instan\u021b\u0103, iar autorit\u0103\u021bile sunt \u00eencrezute c\u0103 vor reu\u0219i s\u0103 o g\u0103seasc\u0103 pe M\u0103d\u0103lina.<\/p>\n<p>\u00cen august 2024, Diana Cojocari a pledat vinovat\u0103 pentru c\u0103 nu a anun\u021bat dispari\u021bia fiicei sale la timp, iar mai t\u00e2rziu, a p\u0103r\u0103sit Statele Unite \u0219i a revenit \u00een Republica Moldova, fiind suspectat\u0103 \u00een cazul dispari\u021biei feti\u021bei. Poli\u021bia a anun\u021bat c\u0103 pa\u0219aportul ei a r\u0103mas \u00een custodia autorit\u0103\u021bilor.<\/p>\n<p>Christopher Palmiter, tat\u0103l vitreg al M\u0103d\u0103linei, a fost g\u0103sit vinovat, dar a f\u0103cut apel. C\u0103ut\u0103rile M\u0103d\u0103linei continu\u0103, iar poli\u021bia american\u0103 a oferit o recompens\u0103 pentru informa\u021biile care ar putea duce la g\u0103sirea feti\u021bei.<\/p>\n<\/div>\n","protected":false},"excerpt":{"rendered":"<div><img loading=\"lazy\" decoding=\"async\" width=\"696\" height=\"428\" src=\"https:\/\/canal5.md\/wp-content\/uploads\/2025\/02\/304b3e8eba34d47bfffc1a92dee15769a9c681ffd54e4fbf2f454ad496b74b64-1068x657-1-1024x630-optimized.png\" class=\"attachment-large size-large wp-post-image\" alt=\"\" srcset=\"https:\/\/canal5.md\/wp-content\/uploads\/2025\/02\/304b3e8eba34d47bfffc1a92dee15769a9c681ffd54e4fbf2f454ad496b74b64-1068x657-1-1024x630-optimized.png 1024w, https:\/\/canal5.md\/wp-content\/uploads\/2025\/02\/304b3e8eba34d47bfffc1a92dee15769a9c681ffd54e4fbf2f454ad496b74b64-1068x657-1-300x185-optimized.png 300w, https:\/\/canal5.md\/wp-content\/uploads\/2025\/02\/304b3e8eba34d47bfffc1a92dee15769a9c681ffd54e4fbf2f454ad496b74b64-1068x657-1-768x472-optimized.png 768w, https:\/\/canal5.md\/wp-content\/uploads\/2025\/02\/304b3e8eba34d47bfffc1a92dee15769a9c681ffd54e4fbf2f454ad496b74b64-1068x657-1-696x428-optimized.png 696w, https:\/\/canal5.md\/wp-content\/uploads\/2025\/02\/304b3e8eba34d47bfffc1a92dee15769a9c681ffd54e4fbf2f454ad496b74b64-1068x657-1-optimized.png 1068w\">Hainele, salteaua \u0219i fotografiile M\u0103d\u0103linei Cojocari, feti\u021ba disp\u0103rut\u0103 \u00een Statele Unite \u00een 2022, au fost distruse \u00eentr-un foc. Conform presei americane, ancheta ini\u021bial\u0103 s-a concentrat asupra presupusei exploat\u0103ri sexuale. Potrivit unor mandate ob\u021binute de WCNC Charlotte, \u00een zilele dup\u0103 dispari\u021bia M\u0103d\u0103linei, salteaua ei, hainele, costumul de Halloween \u0219i fotografiile de familie au fost arse \u00eentr-un [\u2026]<\/div>\n","protected":false},"author":1,"featured_media":67368,"comment_status":"closed","ping_status":"closed","sticky":false,"template":"","format":"standard","meta":{"jnews-multi-image_gallery":[],"jnews_single_post":[],"jnews_primary_category":[],"jnews_social_meta":[],"jnews_override_counter":[],"footnotes":""},"categories":[30],"tags":[],"class_list":["post-67367","post","type-post","status-publish","format-standard","has-post-thumbnail","hentry","category-social_ro"],"_links":{"self":[{"href":"https:\/\/orheifm.live\/index.php\/wp-json\/wp\/v2\/posts\/67367","targetHints":{"allow":["GET"]}}],"collection":[{"href":"https:\/\/orheifm.live\/index.php\/wp-json\/wp\/v2\/posts"}],"about":[{"href":"https:\/\/orheifm.live\/index.php\/wp-json\/wp\/v2\/types\/post"}],"author":[{"embeddable":true,"href":"https:\/\/orheifm.live\/index.php\/wp-json\/wp\/v2\/users\/1"}],"replies":[{"embeddable":true,"href":"https:\/\/orheifm.live\/index.php\/wp-json\/wp\/v2\/comments?post=67367"}],"version-history":[{"count":0,"href":"https:\/\/orheifm.live\/index.php\/wp-json\/wp\/v2\/posts\/67367\/revisions"}],"wp:featuredmedia":[{"embeddable":true,"href":"https:\/\/orheifm.live\/index.php\/wp-json\/wp\/v2\/media\/67368"}],"wp:attachment":[{"href":"https:\/\/orheifm.live\/index.php\/wp-json\/wp\/v2\/media?parent=67367"}],"wp:term":[{"taxonomy":"category","embeddable":true,"href":"https:\/\/orheifm.live\/index.php\/wp-json\/wp\/v2\/categories?post=67367"},{"taxonomy":"post_tag","embeddable":true,"href":"https:\/\/orheifm.live\/index.php\/wp-json\/wp\/v2\/tags?post=67367"}],"curies":[{"name":"wp","href":"https:\/\/api.w.org\/{rel}","templated":true}]}}