{"id":67363,"date":"2025-02-18T16:28:01","date_gmt":"2025-02-18T14:28:01","guid":{"rendered":"https:\/\/orheifm.live\/index.php\/2025\/02\/18\/blocul-victorie-a-cerut-actualei-guvernari-sa-nu-mai-exercite-presiuni-asupra-opozitiei-reale-prin-intermediul-cec\/"},"modified":"2025-02-18T16:28:01","modified_gmt":"2025-02-18T14:28:01","slug":"blocul-victorie-a-cerut-actualei-guvernari-sa-nu-mai-exercite-presiuni-asupra-opozitiei-reale-prin-intermediul-cec","status":"publish","type":"post","link":"https:\/\/orheifm.live\/index.php\/2025\/02\/18\/blocul-victorie-a-cerut-actualei-guvernari-sa-nu-mai-exercite-presiuni-asupra-opozitiei-reale-prin-intermediul-cec\/","title":{"rendered":"Blocul \u201eVictorie\u201d a cerut actualei guvern\u0103ri s\u0103 nu mai exercite presiuni asupra opozi\u021biei reale prin intermediul CEC"},"content":{"rendered":"<div>\n<p><strong>Blocul \u201eVictorie\u201d \u0219i-a exprimat dezacordul categoric fa\u021b\u0103 de \u00eencerc\u0103rile nejustificate ale Comisiei Electorale Centrale de a limita activitatea partidelor de opozi\u021bie care apar\u021bin blocului. Comisia Electoral\u0103 Central\u0103 inten\u021bioneaz\u0103 s\u0103 dizolve partidul \u201e\u0218ans\u0103\u201d \u0219i s\u0103 suspende activitatea partidului \u201eFor\u021ba de Alternativa \u0219i de Salvare a Moldovei\u201d(FASM) pentru o perioad\u0103 de \u0219ase luni.<\/strong><\/p>\n<p>Motivul formal invocat pentru persecu\u021bia ambelor partide este c\u0103 rapoartele financiare nu au fost prezentate prin noul sistem electronic implementat de CEC \u00een ianuarie 2024. \u00cen acela\u0219i timp, ambele partide au prezentat toate documentele necesare \u00eentr-un mod alternativ, \u00een conformitate cu toate cerin\u021bele legale.<\/p>\n<p>\u201eDe la \u00eenfiin\u021barea sa, partidul nostru a prezentat mai mult de 20 de rapoarte financiare \u0219i toate au fost acceptate de CEC. Cu toate acestea, acum ni se refuz\u0103 acceptarea acelora\u0219i rapoarte din cauza unei formalit\u0103\u021bi \u2013 acestea nu au fost depuse prin intermediul unei platforme electronice speciale. \u00cen acela\u0219i timp, CEC \u0219tie foarte bine c\u0103, din cauza presiunii asupra contabililor partidelor de opozi\u021bie, suntem \u00een imposibilitatea fizic\u0103 de a utiliza noul lor sistem\u201d, a declarat pre\u0219edintele FASM, Alexandru Beschieru.<\/p>\n<p>Alexei Lungu, liderul partidului \u201e\u015eans\u0103\u201d, consider\u0103 c\u0103 ac\u021biunile CEC sunt motivate politic: \u201eAc\u021biunile CEC sunt direct legate de viitoarele alegeri parlamentare. Ratingul \u00een cre\u0219tere al partidului \u201e\u0218ans\u0103\u201d sperie autorit\u0103\u021bile, suntem o amenin\u021bare real\u0103 la adresa regimului Sandu. Dar ele nu ne vor putea opri cu h\u0103r\u021buieli de ordin formal \u2013 toate rapoartele noastre sunt prezentate la timp, partidul este absolut curat \u00een fa\u021ba legii. Aceasta este o \u00eencercare evident\u0103 de a cur\u0103\u021ba c\u00e2mpul politic \u00eenainte de alegerile parlamentare, dar noi nu vom da \u00eenapoi.\u201d<\/p>\n<p>\u00cen acela\u015fi timp, continu\u0103 \u015fi presiunea asupra partidului \u201eRena\u015ftere\u201d, membru al blocului \u201eVictorie\u201d, a c\u0103rui activitate este, de asemenea, suspendat\u0103 \u00een ajunul alegerilor parlamentare.<\/p>\n<p>Blocul \u201eVictorie\u201d a cerut CEC s\u0103 \u00eenceteze persecu\u021bia motivat\u0103 politic a opozi\u021biei \u0219i s\u0103 revin\u0103 la principiile democratice. Comisia electoral\u0103 ar trebui s\u0103 asigure un proces politic corect \u0219i nu s\u0103 serveasc\u0103 interesele partidului de guvern\u0103m\u00e2nt, au subliniat reprezentan\u0163ii blocului.<\/p>\n<\/div>\n","protected":false},"excerpt":{"rendered":"<div><img loading=\"lazy\" decoding=\"async\" width=\"696\" height=\"696\" src=\"https:\/\/canal5.md\/wp-content\/uploads\/2025\/02\/6t5f2x-2025-02-18-14-24_1-optimized.jpg\" class=\"attachment-large size-large wp-post-image\" alt=\"\" srcset=\"https:\/\/canal5.md\/wp-content\/uploads\/2025\/02\/6t5f2x-2025-02-18-14-24_1-optimized.jpg 800w, https:\/\/canal5.md\/wp-content\/uploads\/2025\/02\/6t5f2x-2025-02-18-14-24_1-300x300-optimized.jpg 300w, https:\/\/canal5.md\/wp-content\/uploads\/2025\/02\/6t5f2x-2025-02-18-14-24_1-150x150-optimized.jpg 150w, https:\/\/canal5.md\/wp-content\/uploads\/2025\/02\/6t5f2x-2025-02-18-14-24_1-768x768-optimized.jpg 768w, https:\/\/canal5.md\/wp-content\/uploads\/2025\/02\/6t5f2x-2025-02-18-14-24_1-696x696-optimized.jpg 696w\">Blocul \u201eVictorie\u201d \u0219i-a exprimat dezacordul categoric fa\u021b\u0103 de \u00eencerc\u0103rile nejustificate ale Comisiei Electorale Centrale de a limita activitatea partidelor de opozi\u021bie care apar\u021bin blocului. Comisia Electoral\u0103 Central\u0103 inten\u021bioneaz\u0103 s\u0103 dizolve partidul \u201e\u0218ans\u0103\u201d \u0219i s\u0103 suspende activitatea partidului \u201eFor\u021ba de Alternativa \u0219i de Salvare a Moldovei\u201d(FASM) pentru o perioad\u0103 de \u0219ase luni. Motivul formal invocat pentru [\u2026]<\/div>\n","protected":false},"author":1,"featured_media":67364,"comment_status":"closed","ping_status":"closed","sticky":false,"template":"","format":"standard","meta":{"jnews-multi-image_gallery":[],"jnews_single_post":[],"jnews_primary_category":[],"jnews_social_meta":[],"jnews_override_counter":[],"footnotes":""},"categories":[23],"tags":[],"class_list":["post-67363","post","type-post","status-publish","format-standard","has-post-thumbnail","hentry","category-politica_ro"],"_links":{"self":[{"href":"https:\/\/orheifm.live\/index.php\/wp-json\/wp\/v2\/posts\/67363","targetHints":{"allow":["GET"]}}],"collection":[{"href":"https:\/\/orheifm.live\/index.php\/wp-json\/wp\/v2\/posts"}],"about":[{"href":"https:\/\/orheifm.live\/index.php\/wp-json\/wp\/v2\/types\/post"}],"author":[{"embeddable":true,"href":"https:\/\/orheifm.live\/index.php\/wp-json\/wp\/v2\/users\/1"}],"replies":[{"embeddable":true,"href":"https:\/\/orheifm.live\/index.php\/wp-json\/wp\/v2\/comments?post=67363"}],"version-history":[{"count":0,"href":"https:\/\/orheifm.live\/index.php\/wp-json\/wp\/v2\/posts\/67363\/revisions"}],"wp:featuredmedia":[{"embeddable":true,"href":"https:\/\/orheifm.live\/index.php\/wp-json\/wp\/v2\/media\/67364"}],"wp:attachment":[{"href":"https:\/\/orheifm.live\/index.php\/wp-json\/wp\/v2\/media?parent=67363"}],"wp:term":[{"taxonomy":"category","embeddable":true,"href":"https:\/\/orheifm.live\/index.php\/wp-json\/wp\/v2\/categories?post=67363"},{"taxonomy":"post_tag","embeddable":true,"href":"https:\/\/orheifm.live\/index.php\/wp-json\/wp\/v2\/tags?post=67363"}],"curies":[{"name":"wp","href":"https:\/\/api.w.org\/{rel}","templated":true}]}}