{"id":67357,"date":"2025-02-18T15:00:14","date_gmt":"2025-02-18T13:00:14","guid":{"rendered":"https:\/\/orheifm.live\/index.php\/2025\/02\/18\/salvarea-unui-moldovean-si-a-unei-tinere-din-mauritius-pe-zidul-plangerii\/"},"modified":"2025-02-18T15:00:14","modified_gmt":"2025-02-18T13:00:14","slug":"salvarea-unui-moldovean-si-a-unei-tinere-din-mauritius-pe-zidul-plangerii","status":"publish","type":"post","link":"https:\/\/orheifm.live\/index.php\/2025\/02\/18\/salvarea-unui-moldovean-si-a-unei-tinere-din-mauritius-pe-zidul-plangerii\/","title":{"rendered":"Salvarea unui moldovean \u0219i a unei tinere din Mauritius pe \u201eZidul Pl\u00e2ngerii\u201d"},"content":{"rendered":"<div>\n<p><strong>Un moldovean de 26 de ani \u0219i pisica sa au fost salva\u021bi de pe muntele Grignetta din Alpi, unde, \u00eempreun\u0103 cu o t\u00e2n\u0103r\u0103 de 21 de ani din insulele Mauritius, s-au r\u0103t\u0103cit. Incidentul a avut loc \u00een noaptea de s\u00e2mb\u0103t\u0103 spre duminic\u0103, 16 februarie.<\/strong><\/p>\n<p>Potrivit autorit\u0103\u021bilor italiene, s\u00e2mb\u0103t\u0103, 15 februarie, \u00een jurul orei 19:30, a fost anun\u021bat\u0103 dispari\u021bia tinerei din Mauritius, care nu se mai \u00eentorsese dintr-o excursie. La scurt timp, a fost raportat\u0103 \u0219i dispari\u021bia moldoveanului, care, al\u0103turi de pisica sa, se aventurase pe traseu f\u0103r\u0103 echipamentul corespunz\u0103tor.<\/p>\n<p>De\u0219i cei doi nu se cuno\u0219teau, au fost g\u0103si\u021bi aproape \u00een acela\u0219i loc, pe \u201eZidul Pl\u00e2ngerii\u201d, un perete st\u00e2ncos cunoscut pentru dificult\u0103\u021bile sale tehnice \u0219i pentru accidentele frecvente.<\/p>\n<p>Opera\u021biunile de salvare, desf\u0103\u0219urate cu echipe terestre \u0219i aeriene, au fost \u00eengreunate de condi\u021biile dificile, cu z\u0103pad\u0103 \u0219i ghea\u021b\u0103. Totu\u0219i, salvatorii au reu\u0219it s\u0103 aduc\u0103 \u00een siguran\u021b\u0103 to\u021bi trei.<\/p>\n<p>Ulterior, t\u00e2n\u0103ra din Mauritius a explicat c\u0103 \u0219i-a pierdut orientarea \u00een timpul cobor\u00e2rii, \u00een timp ce moldoveanul a trimis un semnal de alarm\u0103 gre\u0219it, ceea ce a \u00eent\u00e2rziat opera\u021biunile de c\u0103utare.<\/p>\n<p>Dup\u0103 salvare, at\u00e2t tinerii, c\u00e2t \u0219i pisica, au fost supu\u0219i unor controale medicale \u0219i au fost declara\u021bi \u00een afacerea oric\u0103rui pericol.<\/p>\n<\/div>\n","protected":false},"excerpt":{"rendered":"<div><img loading=\"lazy\" decoding=\"async\" width=\"696\" height=\"366\" src=\"https:\/\/canal5.md\/wp-content\/uploads\/2025\/02\/1bd1dfebdc32bbd02c907b9a14a4b9e0-1-1024x538-optimized.jpg\" class=\"attachment-large size-large wp-post-image\" alt=\"\" srcset=\"https:\/\/canal5.md\/wp-content\/uploads\/2025\/02\/1bd1dfebdc32bbd02c907b9a14a4b9e0-1-1024x538-optimized.jpg 1024w, https:\/\/canal5.md\/wp-content\/uploads\/2025\/02\/1bd1dfebdc32bbd02c907b9a14a4b9e0-1-300x158-optimized.jpg 300w, https:\/\/canal5.md\/wp-content\/uploads\/2025\/02\/1bd1dfebdc32bbd02c907b9a14a4b9e0-1-768x403-optimized.jpg 768w, https:\/\/canal5.md\/wp-content\/uploads\/2025\/02\/1bd1dfebdc32bbd02c907b9a14a4b9e0-1-696x365-optimized.jpg 696w, https:\/\/canal5.md\/wp-content\/uploads\/2025\/02\/1bd1dfebdc32bbd02c907b9a14a4b9e0-1-1068x561-optimized.jpg 1068w, https:\/\/canal5.md\/wp-content\/uploads\/2025\/02\/1bd1dfebdc32bbd02c907b9a14a4b9e0-1-optimized.jpg 1200w\">Un moldovean de 26 de ani \u0219i pisica sa au fost salva\u021bi de pe muntele Grignetta din Alpi, unde, \u00eempreun\u0103 cu o t\u00e2n\u0103r\u0103 de 21 de ani din insulele Mauritius, s-au r\u0103t\u0103cit. Incidentul a avut loc \u00een noaptea de s\u00e2mb\u0103t\u0103 spre duminic\u0103, 16 februarie. Potrivit autorit\u0103\u021bilor italiene, s\u00e2mb\u0103t\u0103, 15 februarie, \u00een jurul orei 19:30, a [\u2026]<\/div>\n","protected":false},"author":1,"featured_media":67358,"comment_status":"closed","ping_status":"closed","sticky":false,"template":"","format":"standard","meta":{"jnews-multi-image_gallery":[],"jnews_single_post":[],"jnews_primary_category":[],"jnews_social_meta":[],"jnews_override_counter":[],"footnotes":""},"categories":[30],"tags":[],"class_list":["post-67357","post","type-post","status-publish","format-standard","has-post-thumbnail","hentry","category-social_ro"],"_links":{"self":[{"href":"https:\/\/orheifm.live\/index.php\/wp-json\/wp\/v2\/posts\/67357","targetHints":{"allow":["GET"]}}],"collection":[{"href":"https:\/\/orheifm.live\/index.php\/wp-json\/wp\/v2\/posts"}],"about":[{"href":"https:\/\/orheifm.live\/index.php\/wp-json\/wp\/v2\/types\/post"}],"author":[{"embeddable":true,"href":"https:\/\/orheifm.live\/index.php\/wp-json\/wp\/v2\/users\/1"}],"replies":[{"embeddable":true,"href":"https:\/\/orheifm.live\/index.php\/wp-json\/wp\/v2\/comments?post=67357"}],"version-history":[{"count":0,"href":"https:\/\/orheifm.live\/index.php\/wp-json\/wp\/v2\/posts\/67357\/revisions"}],"wp:featuredmedia":[{"embeddable":true,"href":"https:\/\/orheifm.live\/index.php\/wp-json\/wp\/v2\/media\/67358"}],"wp:attachment":[{"href":"https:\/\/orheifm.live\/index.php\/wp-json\/wp\/v2\/media?parent=67357"}],"wp:term":[{"taxonomy":"category","embeddable":true,"href":"https:\/\/orheifm.live\/index.php\/wp-json\/wp\/v2\/categories?post=67357"},{"taxonomy":"post_tag","embeddable":true,"href":"https:\/\/orheifm.live\/index.php\/wp-json\/wp\/v2\/tags?post=67357"}],"curies":[{"name":"wp","href":"https:\/\/api.w.org\/{rel}","templated":true}]}}