{"id":67350,"date":"2025-02-18T13:20:48","date_gmt":"2025-02-18T11:20:48","guid":{"rendered":"https:\/\/orheifm.live\/index.php\/2025\/02\/18\/modificari-importante-privind-actele-de-identitate-pentru-cetatenii-straini-incepand-cu-1-aprilie\/"},"modified":"2025-02-18T13:20:48","modified_gmt":"2025-02-18T11:20:48","slug":"modificari-importante-privind-actele-de-identitate-pentru-cetatenii-straini-incepand-cu-1-aprilie","status":"publish","type":"post","link":"https:\/\/orheifm.live\/index.php\/2025\/02\/18\/modificari-importante-privind-actele-de-identitate-pentru-cetatenii-straini-incepand-cu-1-aprilie\/","title":{"rendered":"Modific\u0103ri importante privind actele de identitate pentru cet\u0103\u021benii str\u0103ini \u00eencep\u00e2nd cu 1 aprilie"},"content":{"rendered":"<div>\n<p><strong>Inspectoratul General pentru Migra\u021bie (IGM) anun\u021b\u0103 modific\u0103ri semnificative \u00een procesul de eliberare a actelor de identitate pentru cet\u0103\u021benii str\u0103ini, \u00een urma schimb\u0103rilor aduse Legii nr.68\/2024 privind actele de identitate \u00een sistemul na\u021bional de pa\u0219apoarte. Aceste schimb\u0103ri vor afecta at\u00e2t procedurile administrative, c\u00e2t \u0219i informa\u021biile incluse \u00een documentele de identitate.<\/strong><\/p>\n<p>Astfel, \u00eencep\u00e2nd cu 1 aprilie, fi\u0219ele de \u00eenso\u021bire pentru toate buletinele de identitate \u0219i permisele de \u0219edere aflate \u00een circula\u021bie \u0219i valabile vor deveni nule. De asemenea, actele de identitate nu vor mai con\u021bine informa\u021bii despre adresa de domiciliu sau re\u0219edin\u021b\u0103 temporar\u0103 pe verso. Totu\u0219i, obliga\u021bia de informare a IGM \u00een termen de 15 zile \u00een cazul schimb\u0103rii domiciliului sau re\u0219edin\u021bei temporare r\u0103m\u00e2ne valabil\u0103.<\/p>\n<p>\u00cen perioada 17 februarie \u2013 1 aprilie, procesul de depunere simultan\u0103 a dosarelor pentru dreptul de \u0219edere \u0219i documentare va fi suspendat, iar \u00eentre 25 \u0219i 31 martie, Ghi\u0219eele unice de documentare a str\u0103inilor vor \u00eentrerupe activitatea de eliberare a actelor de identitate. Activitatea va fi reluat\u0103 la 1 aprilie.<\/p>\n<p>IGM recomand\u0103 persoanelor interesate s\u0103 se informeze din timp despre noile reglement\u0103ri \u0219i asigur\u0103 o tranzi\u021bie c\u00e2t mai u\u0219oar\u0103 \u0219i eficient\u0103 \u00een implementarea acestora.<\/p>\n<\/div>\n","protected":false},"excerpt":{"rendered":"<div><img loading=\"lazy\" decoding=\"async\" width=\"696\" height=\"458\" src=\"https:\/\/canal5.md\/wp-content\/uploads\/2025\/02\/798487-optimized.webp\" class=\"attachment-large size-large wp-post-image\" alt=\"\" srcset=\"https:\/\/canal5.md\/wp-content\/uploads\/2025\/02\/798487-optimized.webp 760w, https:\/\/canal5.md\/wp-content\/uploads\/2025\/02\/798487-300x197-optimized.webp 300w, https:\/\/canal5.md\/wp-content\/uploads\/2025\/02\/798487-696x458-optimized.webp 696w\">Inspectoratul General pentru Migra\u021bie (IGM) anun\u021b\u0103 modific\u0103ri semnificative \u00een procesul de eliberare a actelor de identitate pentru cet\u0103\u021benii str\u0103ini, \u00een urma schimb\u0103rilor aduse Legii nr.68\/2024 privind actele de identitate \u00een sistemul na\u021bional de pa\u0219apoarte. Aceste schimb\u0103ri vor afecta at\u00e2t procedurile administrative, c\u00e2t \u0219i informa\u021biile incluse \u00een documentele de identitate. Astfel, \u00eencep\u00e2nd cu 1 aprilie, fi\u0219ele [\u2026]<\/div>\n","protected":false},"author":1,"featured_media":67351,"comment_status":"closed","ping_status":"closed","sticky":false,"template":"","format":"standard","meta":{"jnews-multi-image_gallery":[],"jnews_single_post":[],"jnews_primary_category":[],"jnews_social_meta":[],"jnews_override_counter":[],"footnotes":""},"categories":[30],"tags":[],"class_list":["post-67350","post","type-post","status-publish","format-standard","has-post-thumbnail","hentry","category-social_ro"],"_links":{"self":[{"href":"https:\/\/orheifm.live\/index.php\/wp-json\/wp\/v2\/posts\/67350","targetHints":{"allow":["GET"]}}],"collection":[{"href":"https:\/\/orheifm.live\/index.php\/wp-json\/wp\/v2\/posts"}],"about":[{"href":"https:\/\/orheifm.live\/index.php\/wp-json\/wp\/v2\/types\/post"}],"author":[{"embeddable":true,"href":"https:\/\/orheifm.live\/index.php\/wp-json\/wp\/v2\/users\/1"}],"replies":[{"embeddable":true,"href":"https:\/\/orheifm.live\/index.php\/wp-json\/wp\/v2\/comments?post=67350"}],"version-history":[{"count":0,"href":"https:\/\/orheifm.live\/index.php\/wp-json\/wp\/v2\/posts\/67350\/revisions"}],"wp:featuredmedia":[{"embeddable":true,"href":"https:\/\/orheifm.live\/index.php\/wp-json\/wp\/v2\/media\/67351"}],"wp:attachment":[{"href":"https:\/\/orheifm.live\/index.php\/wp-json\/wp\/v2\/media?parent=67350"}],"wp:term":[{"taxonomy":"category","embeddable":true,"href":"https:\/\/orheifm.live\/index.php\/wp-json\/wp\/v2\/categories?post=67350"},{"taxonomy":"post_tag","embeddable":true,"href":"https:\/\/orheifm.live\/index.php\/wp-json\/wp\/v2\/tags?post=67350"}],"curies":[{"name":"wp","href":"https:\/\/api.w.org\/{rel}","templated":true}]}}