{"id":67348,"date":"2025-02-18T13:00:26","date_gmt":"2025-02-18T11:00:26","guid":{"rendered":"https:\/\/orheifm.live\/index.php\/2025\/02\/18\/soferii-nemultumiti-de-semafoarele-testate-in-intersectia-varnita-calea-basarabiei-ismail\/"},"modified":"2025-02-18T13:00:26","modified_gmt":"2025-02-18T11:00:26","slug":"soferii-nemultumiti-de-semafoarele-testate-in-intersectia-varnita-calea-basarabiei-ismail","status":"publish","type":"post","link":"https:\/\/orheifm.live\/index.php\/2025\/02\/18\/soferii-nemultumiti-de-semafoarele-testate-in-intersectia-varnita-calea-basarabiei-ismail\/","title":{"rendered":"\u0218oferii nemul\u021bumi\u021bi de semafoarele testate \u00een intersec\u021bia Varni\u021ba \u2013 Calea Basarabiei \u2013 Ismail"},"content":{"rendered":"<div>\n<p><strong>Mai mul\u021bi \u0219oferi \u0219i-au exprimat nemul\u021bumirea pe re\u021belele sociale dup\u0103 ce, s\u00e2mb\u0103t\u0103, semafoarele din intersec\u021bia str\u0103zilor Varni\u021ba \u2013 Calea Basarabiei \u2013 Ismail au fost conectate \u00een regim de testare. Majoritatea conduc\u0103torilor auto au avut reac\u021bii negative \u0219i au cerut autorit\u0103\u021bilor s\u0103 renun\u021be la implementarea acestui sistem.<\/strong><\/p>\n<p>Prim\u0103ria Municipiului Chi\u0219in\u0103u a anun\u021bat c\u0103 testarea semaforului a avut loc s\u00e2mb\u0103t\u0103, 15 februarie, \u00eentre orele 10:00 \u0219i 16:00, pentru a identifica solu\u021bia optim\u0103 de organizare a traficului. \u00cen aceast\u0103 perioad\u0103, poli\u021bi\u0219tii au dirijat traficul pentru a preveni formarea ambuteiajelor. Autorit\u0103\u021bile au solicitat participan\u021bilor la trafic s\u0103 circule cu pruden\u021b\u0103 \u0219i s\u0103 respecte reglement\u0103rile impuse de semaforizarea inteligent\u0103.<\/p>\n<p>Acest semafor face parte dintr-un proiect amplu de modernizare a nodului rutier de pe strada Ismail, care include amenajarea a 7 intersec\u021bii dotate cu semafoare inteligente, un proiect considerat o premier\u0103 pentru Chi\u0219in\u0103u \u0219i pentru \u00eentreaga \u021bar\u0103.<\/p>\n<p>Totu\u0219i, \u0219oferii care au circulat prin zon\u0103 \u00een perioada de testare nu au fost mul\u021bumi\u021bi. Unii dintre ace\u0219tia au exprimat nemul\u021bumirea fa\u021b\u0103 de semafoare, consider\u00e2nd c\u0103 ar putea crea ambuteiaje \u0219i haos \u00een trafic, mai ales \u00een intervalele de v\u00e2rf. Printre comentariile acestora se num\u0103r\u0103: \u201eA fost iad la Tabacica\u201d, \u201eS\u0103 sper\u0103m c\u0103 nu vor continua cu aceast\u0103 idee\u201d \u0219i \u201eMai bine nu ar fi implementat nimic\u201d. Totu\u0219i, unii \u0219oferi au afirmat c\u0103, cu timpul, se vor obi\u0219nui cu noile reglement\u0103ri.<\/p>\n<\/div>\n","protected":false},"excerpt":{"rendered":"<div><img loading=\"lazy\" decoding=\"async\" width=\"696\" height=\"392\" src=\"https:\/\/canal5.md\/wp-content\/uploads\/2025\/02\/5198615cdcb7f86b215fd95a2308a0017228f1e8b2af1ca93649bb1a828b5bfd-optimized.jpg\" class=\"attachment-large size-large wp-post-image\" alt=\"\" srcset=\"https:\/\/canal5.md\/wp-content\/uploads\/2025\/02\/5198615cdcb7f86b215fd95a2308a0017228f1e8b2af1ca93649bb1a828b5bfd-optimized.jpg 800w, https:\/\/canal5.md\/wp-content\/uploads\/2025\/02\/5198615cdcb7f86b215fd95a2308a0017228f1e8b2af1ca93649bb1a828b5bfd-300x169-optimized.jpg 300w, https:\/\/canal5.md\/wp-content\/uploads\/2025\/02\/5198615cdcb7f86b215fd95a2308a0017228f1e8b2af1ca93649bb1a828b5bfd-768x432-optimized.jpg 768w, https:\/\/canal5.md\/wp-content\/uploads\/2025\/02\/5198615cdcb7f86b215fd95a2308a0017228f1e8b2af1ca93649bb1a828b5bfd-696x392-optimized.jpg 696w\">Mai mul\u021bi \u0219oferi \u0219i-au exprimat nemul\u021bumirea pe re\u021belele sociale dup\u0103 ce, s\u00e2mb\u0103t\u0103, semafoarele din intersec\u021bia str\u0103zilor Varni\u021ba \u2013 Calea Basarabiei \u2013 Ismail au fost conectate \u00een regim de testare. Majoritatea conduc\u0103torilor auto au avut reac\u021bii negative \u0219i au cerut autorit\u0103\u021bilor s\u0103 renun\u021be la implementarea acestui sistem. Prim\u0103ria Municipiului Chi\u0219in\u0103u a anun\u021bat c\u0103 testarea semaforului a [\u2026]<\/div>\n","protected":false},"author":1,"featured_media":67349,"comment_status":"closed","ping_status":"closed","sticky":false,"template":"","format":"standard","meta":{"jnews-multi-image_gallery":[],"jnews_single_post":[],"jnews_primary_category":[],"jnews_social_meta":[],"jnews_override_counter":[],"footnotes":""},"categories":[30],"tags":[],"class_list":["post-67348","post","type-post","status-publish","format-standard","has-post-thumbnail","hentry","category-social_ro"],"_links":{"self":[{"href":"https:\/\/orheifm.live\/index.php\/wp-json\/wp\/v2\/posts\/67348","targetHints":{"allow":["GET"]}}],"collection":[{"href":"https:\/\/orheifm.live\/index.php\/wp-json\/wp\/v2\/posts"}],"about":[{"href":"https:\/\/orheifm.live\/index.php\/wp-json\/wp\/v2\/types\/post"}],"author":[{"embeddable":true,"href":"https:\/\/orheifm.live\/index.php\/wp-json\/wp\/v2\/users\/1"}],"replies":[{"embeddable":true,"href":"https:\/\/orheifm.live\/index.php\/wp-json\/wp\/v2\/comments?post=67348"}],"version-history":[{"count":0,"href":"https:\/\/orheifm.live\/index.php\/wp-json\/wp\/v2\/posts\/67348\/revisions"}],"wp:featuredmedia":[{"embeddable":true,"href":"https:\/\/orheifm.live\/index.php\/wp-json\/wp\/v2\/media\/67349"}],"wp:attachment":[{"href":"https:\/\/orheifm.live\/index.php\/wp-json\/wp\/v2\/media?parent=67348"}],"wp:term":[{"taxonomy":"category","embeddable":true,"href":"https:\/\/orheifm.live\/index.php\/wp-json\/wp\/v2\/categories?post=67348"},{"taxonomy":"post_tag","embeddable":true,"href":"https:\/\/orheifm.live\/index.php\/wp-json\/wp\/v2\/tags?post=67348"}],"curies":[{"name":"wp","href":"https:\/\/api.w.org\/{rel}","templated":true}]}}