{"id":67346,"date":"2025-02-18T12:40:22","date_gmt":"2025-02-18T10:40:22","guid":{"rendered":"https:\/\/orheifm.live\/index.php\/2025\/02\/18\/cimitirele-pline-de-deseuri-plastice-apel-la-solutii-ecologice-pentru-produsele-funerare\/"},"modified":"2025-02-18T12:40:22","modified_gmt":"2025-02-18T10:40:22","slug":"cimitirele-pline-de-deseuri-plastice-apel-la-solutii-ecologice-pentru-produsele-funerare","status":"publish","type":"post","link":"https:\/\/orheifm.live\/index.php\/2025\/02\/18\/cimitirele-pline-de-deseuri-plastice-apel-la-solutii-ecologice-pentru-produsele-funerare\/","title":{"rendered":"Cimitirele, pline de de\u0219euri plastice: apel la solu\u021bii ecologice pentru produsele funerare"},"content":{"rendered":"<div>\n<p><strong>\u00cen ultimii ani, utilizarea produselor funerare artificiale din plastic, cum ar fi coroanele, echibanele, florile \u0219i alte compozi\u021bii florale, \u00een cadrul procesiunilor funerare, a ajuns la un nivel alarmant, conform unui anun\u021b al \u00centreprinderii Municipale Combinatul Servicii Funerare.<\/strong><\/p>\n<p>Aceast\u0103 situa\u021bie a dus la lansarea unei campanii de informare \u00een domeniul protec\u021biei mediului, pentru a sensibiliza popula\u021bia. \u00cen prezent, nu exist\u0103 agen\u021bi economici care s\u0103 se ocupe de colectarea, depozitarea, prelucrarea sau reciclarea acestor produse, iar recent, nici gunoi\u0219tile autorizate ale municipiului Chi\u0219in\u0103u nu le mai primesc.<\/p>\n<p>\u201eSingura op\u021biune disponibil\u0103 este depozitarea lor pe termen nedeterminat \u00een cimitirele ora\u0219ului, iar acest lucru afecteaz\u0103 imaginea acestora pe termen lung, evoc\u00e2nd o atitudine de nep\u0103sare \u0219i perpetuarea unor practici nes\u0103n\u0103toase\u201d, a precizat Combinatul Servicii Funerare.<\/p>\n<p>Anual, \u00een cimitirele din Chi\u0219in\u0103u sunt aduse peste 25.000 de coroane \u0219i compozi\u021bii florale din plastic, care, dup\u0103 o perioad\u0103, devin de\u0219euri ce necesit\u0103 evacuare. Aceste produse sunt printre cele mai poluante, av\u00e2nd un grad ridicat de degradare \u0219i impact asupra mediului. \u00cen timp, particulele din plastic pot ajunge \u00een mediul \u00eenconjur\u0103tor \u0219i pot afecta s\u0103n\u0103tatea uman\u0103.<\/p>\n<p>\u00centreprinderea solicit\u0103 autorit\u0103\u021bilor publice s\u0103 adopte reglement\u0103ri care s\u0103 interzic\u0103 importul, produc\u021bia \u0219i comercializarea acestor produse din plastic. Aceast\u0103 problem\u0103 este una na\u021bional\u0103, av\u00e2nd \u00een vedere c\u0103 toate cimitirele din \u021bar\u0103 se confrunt\u0103 cu aceea\u0219i situa\u021bie.<\/p>\n<p>Pentru a rezolva aceast\u0103 problem\u0103, Combinatul Servicii Funerare propune o solu\u021bie complex\u0103 care s\u0103 reglementeze utilizarea acestor produse, \u00eencuraj\u00e2nd \u00eenlocuirea lor cu alternative biodegradabile \u0219i reciclabil\u0103. De asemenea, se solicit\u0103 implicarea tuturor factorilor responsabili, inclusiv autorit\u0103\u021bilor publice, ONG-urilor, mass-media \u0219i cet\u0103\u021benilor, \u00een aceast\u0103 ini\u021biativ\u0103 de protejare a mediului.<\/p>\n<\/div>\n","protected":false},"excerpt":{"rendered":"<div><img loading=\"lazy\" decoding=\"async\" width=\"696\" height=\"392\" src=\"https:\/\/canal5.md\/wp-content\/uploads\/2025\/02\/76a8ac01a14b7a4ae1b34784577b26b3-1024x577-optimized.jpg\" class=\"attachment-large size-large wp-post-image\" alt=\"\" srcset=\"https:\/\/canal5.md\/wp-content\/uploads\/2025\/02\/76a8ac01a14b7a4ae1b34784577b26b3-1024x577-optimized.jpg 1024w, https:\/\/canal5.md\/wp-content\/uploads\/2025\/02\/76a8ac01a14b7a4ae1b34784577b26b3-300x169-optimized.jpg 300w, https:\/\/canal5.md\/wp-content\/uploads\/2025\/02\/76a8ac01a14b7a4ae1b34784577b26b3-768x433-optimized.jpg 768w, https:\/\/canal5.md\/wp-content\/uploads\/2025\/02\/76a8ac01a14b7a4ae1b34784577b26b3-696x392-optimized.jpg 696w, https:\/\/canal5.md\/wp-content\/uploads\/2025\/02\/76a8ac01a14b7a4ae1b34784577b26b3-1068x602-optimized.jpg 1068w, https:\/\/canal5.md\/wp-content\/uploads\/2025\/02\/76a8ac01a14b7a4ae1b34784577b26b3-optimized.jpg 1280w\">\u00cen ultimii ani, utilizarea produselor funerare artificiale din plastic, cum ar fi coroanele, echibanele, florile \u0219i alte compozi\u021bii florale, \u00een cadrul procesiunilor funerare, a ajuns la un nivel alarmant, conform unui anun\u021b al \u00centreprinderii Municipale Combinatul Servicii Funerare. Aceast\u0103 situa\u021bie a dus la lansarea unei campanii de informare \u00een domeniul protec\u021biei mediului, pentru a sensibiliza [\u2026]<\/div>\n","protected":false},"author":1,"featured_media":67347,"comment_status":"closed","ping_status":"closed","sticky":false,"template":"","format":"standard","meta":{"jnews-multi-image_gallery":[],"jnews_single_post":[],"jnews_primary_category":[],"jnews_social_meta":[],"jnews_override_counter":[],"footnotes":""},"categories":[30],"tags":[],"class_list":["post-67346","post","type-post","status-publish","format-standard","has-post-thumbnail","hentry","category-social_ro"],"_links":{"self":[{"href":"https:\/\/orheifm.live\/index.php\/wp-json\/wp\/v2\/posts\/67346","targetHints":{"allow":["GET"]}}],"collection":[{"href":"https:\/\/orheifm.live\/index.php\/wp-json\/wp\/v2\/posts"}],"about":[{"href":"https:\/\/orheifm.live\/index.php\/wp-json\/wp\/v2\/types\/post"}],"author":[{"embeddable":true,"href":"https:\/\/orheifm.live\/index.php\/wp-json\/wp\/v2\/users\/1"}],"replies":[{"embeddable":true,"href":"https:\/\/orheifm.live\/index.php\/wp-json\/wp\/v2\/comments?post=67346"}],"version-history":[{"count":0,"href":"https:\/\/orheifm.live\/index.php\/wp-json\/wp\/v2\/posts\/67346\/revisions"}],"wp:featuredmedia":[{"embeddable":true,"href":"https:\/\/orheifm.live\/index.php\/wp-json\/wp\/v2\/media\/67347"}],"wp:attachment":[{"href":"https:\/\/orheifm.live\/index.php\/wp-json\/wp\/v2\/media?parent=67346"}],"wp:term":[{"taxonomy":"category","embeddable":true,"href":"https:\/\/orheifm.live\/index.php\/wp-json\/wp\/v2\/categories?post=67346"},{"taxonomy":"post_tag","embeddable":true,"href":"https:\/\/orheifm.live\/index.php\/wp-json\/wp\/v2\/tags?post=67346"}],"curies":[{"name":"wp","href":"https:\/\/api.w.org\/{rel}","templated":true}]}}