{"id":67342,"date":"2025-02-18T12:14:49","date_gmt":"2025-02-18T10:14:49","guid":{"rendered":"https:\/\/orheifm.live\/index.php\/2025\/02\/18\/tun-de-127-de-milioane-de-lei-la-aeroport-investitii-uriase-in-constructii-improvizate-fara-un-plan-strategic-si-studii-de-fezabilitate\/"},"modified":"2025-02-18T12:14:49","modified_gmt":"2025-02-18T10:14:49","slug":"tun-de-127-de-milioane-de-lei-la-aeroport-investitii-uriase-in-constructii-improvizate-fara-un-plan-strategic-si-studii-de-fezabilitate","status":"publish","type":"post","link":"https:\/\/orheifm.live\/index.php\/2025\/02\/18\/tun-de-127-de-milioane-de-lei-la-aeroport-investitii-uriase-in-constructii-improvizate-fara-un-plan-strategic-si-studii-de-fezabilitate\/","title":{"rendered":"\u201eTun\u201d de 127 de milioane de lei la aeroport! Investi\u021bii uria\u0219e \u00een construc\u021bii improvizate, f\u0103r\u0103 un plan strategic \u0219i studii de fezabilitate"},"content":{"rendered":"<div>\n<p><strong>Investi\u021bii masive \u0219i lips\u0103 total\u0103 de transparen\u021b\u0103 \u0219i previzibilitate la Aeroportul Interna\u021bional Chi\u0219in\u0103u. Administra\u021bia aeroportului a aprobat un buget de peste 127 milioane de lei pentru lucr\u0103ri de construc\u021bie, f\u0103r\u0103 o planificare adecvat\u0103 sau studii de fezabilitate, \u0219i f\u0103r\u0103 informarea publicului despre aceste cheltuieli. Activistul civic Vlad Bile\u021bchi atrage aten\u021bia asupra acestei situa\u021bii, solicit\u00e2nd administra\u021biei aeroportuare detalii suplimentare.<\/strong><\/p>\n<p>\u201eSe preg\u0103te\u0219te un tun de 127 de milioane de lei, pentru lucr\u0103ri care nu au un studiu de fezabilitate sau un plan de investi\u021bii\u201d, afirm\u0103 Bile\u021bchi, men\u021bion\u00e2nd c\u0103, \u00een contextul cre\u0219terii num\u0103rului de pasageri din cauza r\u0103zboiului din Ucraina, apare \u00eentrebarea legitim\u0103: \u201eExtindem aeroportul existent, construim un terminal nou sau renov\u0103m cel vechi?\u201d. Din p\u0103cate, nu exist\u0103 un r\u0103spuns clar la aceast\u0103 \u00eentrebare.<\/p>\n<p>Bile\u021bchi subliniaz\u0103 c\u0103, \u00eentr-o asemenea situa\u021bie, este esen\u021bial un plan argumentat, formulat \u00een termeni clari, \u0219i publicarea acestuia, conform practicii din \u021b\u0103rile europene. \u201eNimeni nu a realizat un studiu de fezabilitate, nu exist\u0103 o analiz\u0103 a riscurilor \u0219i oportunit\u0103\u021bilor, nu \u0219tim ce plan este cel mai viabil \u0219i c\u00e2t timp ar dura recuperarea investi\u021biei\u201d, adaug\u0103 activistul.<\/p>\n<p>Vlad Bile\u021bchi a publicat \u0219i r\u0103spunsul administratorului interimar al AIC, Sergiu Spoial\u0103, care a declarat c\u0103 ei nu fac planuri de investi\u021bii, ci doar planuri de achizi\u021bii, chiar dac\u0103 se vorbe\u0219te de lucr\u0103ri de construc\u021bie capitale.<\/p>\n<p>\u201eObiectivul pare s\u0103 fie cheltuirea banilor aeroportului, pentru ca ace\u0219tia s\u0103 nu ajung\u0103 la stat. Acest plan de cheltuieli a fost semnat de persoane afiliate politic, f\u0103r\u0103 studii, f\u0103r\u0103 transparen\u021b\u0103\u201d, afirm\u0103 Bile\u021bchi.<\/p>\n<p>\u00cen final, acesta \u00eentreab\u0103 cine \u00ee\u0219i va asuma r\u0103spunderea dac\u0103 investi\u021bia nu va putea fi recuperat\u0103: \u201eDac\u0103 r\u0103zboiul se \u00eencheie \u0219i fluxul de pasageri scade, cum va afecta acest lucru recuperarea investi\u021biei? Avem nevoie de un plan de investi\u021bii, nu de unul de achizi\u021bii\u201d. Bile\u021bchi subliniaz\u0103 c\u0103 astfel de investi\u021bii necesit\u0103 o planificare strategic\u0103, mai ales cu un termen limitat p\u00e2n\u0103 la alegeri.<\/p>\n<p>Aeroportul Interna\u021bional Chi\u0219in\u0103u a fost implicat \u0219i \u00eentr-un alt scandal recent, dup\u0103 ce s-a descoperit c\u0103 \u00een func\u021bii cheie au fost numite persoane afiliate fostului ministru al infrastructurii Andrei Sp\u00eenu \u0219i partidului PAS.<\/p>\n<\/div>\n","protected":false},"excerpt":{"rendered":"<div><img loading=\"lazy\" decoding=\"async\" width=\"696\" height=\"397\" src=\"https:\/\/canal5.md\/wp-content\/uploads\/2025\/02\/eb842af6a6a2422a92f303ef3f8d3bc3-800x456-1-optimized.jpg\" class=\"attachment-large size-large wp-post-image\" alt=\"\" srcset=\"https:\/\/canal5.md\/wp-content\/uploads\/2025\/02\/eb842af6a6a2422a92f303ef3f8d3bc3-800x456-1-optimized.jpg 800w, https:\/\/canal5.md\/wp-content\/uploads\/2025\/02\/eb842af6a6a2422a92f303ef3f8d3bc3-800x456-1-300x171-optimized.jpg 300w, https:\/\/canal5.md\/wp-content\/uploads\/2025\/02\/eb842af6a6a2422a92f303ef3f8d3bc3-800x456-1-768x438-optimized.jpg 768w, https:\/\/canal5.md\/wp-content\/uploads\/2025\/02\/eb842af6a6a2422a92f303ef3f8d3bc3-800x456-1-696x397-optimized.jpg 696w\">Investi\u021bii masive \u0219i lips\u0103 total\u0103 de transparen\u021b\u0103 \u0219i previzibilitate la Aeroportul Interna\u021bional Chi\u0219in\u0103u. Administra\u021bia aeroportului a aprobat un buget de peste 127 milioane de lei pentru lucr\u0103ri de construc\u021bie, f\u0103r\u0103 o planificare adecvat\u0103 sau studii de fezabilitate, \u0219i f\u0103r\u0103 informarea publicului despre aceste cheltuieli. Activistul civic Vlad Bile\u021bchi atrage aten\u021bia asupra acestei situa\u021bii, solicit\u00e2nd administra\u021biei [\u2026]<\/div>\n","protected":false},"author":1,"featured_media":67343,"comment_status":"closed","ping_status":"closed","sticky":false,"template":"","format":"standard","meta":{"jnews-multi-image_gallery":[],"jnews_single_post":[],"jnews_primary_category":[],"jnews_social_meta":[],"jnews_override_counter":[],"footnotes":""},"categories":[23],"tags":[],"class_list":["post-67342","post","type-post","status-publish","format-standard","has-post-thumbnail","hentry","category-politica_ro"],"_links":{"self":[{"href":"https:\/\/orheifm.live\/index.php\/wp-json\/wp\/v2\/posts\/67342","targetHints":{"allow":["GET"]}}],"collection":[{"href":"https:\/\/orheifm.live\/index.php\/wp-json\/wp\/v2\/posts"}],"about":[{"href":"https:\/\/orheifm.live\/index.php\/wp-json\/wp\/v2\/types\/post"}],"author":[{"embeddable":true,"href":"https:\/\/orheifm.live\/index.php\/wp-json\/wp\/v2\/users\/1"}],"replies":[{"embeddable":true,"href":"https:\/\/orheifm.live\/index.php\/wp-json\/wp\/v2\/comments?post=67342"}],"version-history":[{"count":0,"href":"https:\/\/orheifm.live\/index.php\/wp-json\/wp\/v2\/posts\/67342\/revisions"}],"wp:featuredmedia":[{"embeddable":true,"href":"https:\/\/orheifm.live\/index.php\/wp-json\/wp\/v2\/media\/67343"}],"wp:attachment":[{"href":"https:\/\/orheifm.live\/index.php\/wp-json\/wp\/v2\/media?parent=67342"}],"wp:term":[{"taxonomy":"category","embeddable":true,"href":"https:\/\/orheifm.live\/index.php\/wp-json\/wp\/v2\/categories?post=67342"},{"taxonomy":"post_tag","embeddable":true,"href":"https:\/\/orheifm.live\/index.php\/wp-json\/wp\/v2\/tags?post=67342"}],"curies":[{"name":"wp","href":"https:\/\/api.w.org\/{rel}","templated":true}]}}