{"id":67340,"date":"2025-02-18T12:00:03","date_gmt":"2025-02-18T10:00:03","guid":{"rendered":"https:\/\/orheifm.live\/index.php\/2025\/02\/18\/provocarea-lui-nicolae-caraus-cat-timp-le-ia-pompierilor-sa-ajunga-la-etajul-17\/"},"modified":"2025-02-18T12:00:03","modified_gmt":"2025-02-18T10:00:03","slug":"provocarea-lui-nicolae-caraus-cat-timp-le-ia-pompierilor-sa-ajunga-la-etajul-17","status":"publish","type":"post","link":"https:\/\/orheifm.live\/index.php\/2025\/02\/18\/provocarea-lui-nicolae-caraus-cat-timp-le-ia-pompierilor-sa-ajunga-la-etajul-17\/","title":{"rendered":"Provocarea lui Nicolae Carau\u0219: C\u00e2t timp le ia pompierilor s\u0103 ajung\u0103 la etajul 17?"},"content":{"rendered":"<div>\n<p><strong>Pompierul Nicolae Carau\u0219 a \u00eemp\u0103rt\u0103\u0219it pe re\u021belele sale de socializare o imagine a muncii zilnice a salvatorilor moldoveni. Pe 16 februarie, acesta a publicat un clip video \u00een care se poate vedea cum pompierii urc\u0103 p\u00e2n\u0103 la etajul 17 al blocului Romani\u021ba, unde a avut loc un incendiu recent.<\/strong><\/p>\n<p>El le-a lansat o provocare urm\u0103ritorilor s\u0103i, \u00eentreb\u00e2ndu-i c\u00e2t timp cred c\u0103 i-ar lua unui pompier s\u0103 ajung\u0103 la etajul 17, av\u00e2nd \u00een vedere echipamentul greu pe care \u00eel transport\u0103, cum ar fi costumul de protec\u021bie, aparatul cu aer comprimat \u0219i furtunul de incendiu de 52 mm.<\/p>\n<p>\u201eC\u00e2t timp crede\u021bi c\u0103 i-ar lua unui pompier s\u0103 ajung\u0103 la etajul 17? L\u0103sa\u021bi \u00een comentarii p\u0103rerile voastre!\u201d, a scris Carau\u0219. P\u00e2n\u0103 acum, niciunul dintre abona\u021bi nu a ghicit timpul necesar pentru urcarea la acest etaj.<\/p>\n<\/div>\n","protected":false},"excerpt":{"rendered":"<div><img loading=\"lazy\" decoding=\"async\" width=\"696\" height=\"366\" src=\"https:\/\/canal5.md\/wp-content\/uploads\/2025\/02\/pozhar-romashka-optimized.jpg\" class=\"attachment-large size-large wp-post-image\" alt=\"\" srcset=\"https:\/\/canal5.md\/wp-content\/uploads\/2025\/02\/pozhar-romashka-optimized.jpg 960w, https:\/\/canal5.md\/wp-content\/uploads\/2025\/02\/pozhar-romashka-300x158-optimized.jpg 300w, https:\/\/canal5.md\/wp-content\/uploads\/2025\/02\/pozhar-romashka-768x404-optimized.jpg 768w, https:\/\/canal5.md\/wp-content\/uploads\/2025\/02\/pozhar-romashka-696x366-optimized.jpg 696w\">Pompierul Nicolae Carau\u0219 a \u00eemp\u0103rt\u0103\u0219it pe re\u021belele sale de socializare o imagine a muncii zilnice a salvatorilor moldoveni. Pe 16 februarie, acesta a publicat un clip video \u00een care se poate vedea cum pompierii urc\u0103 p\u00e2n\u0103 la etajul 17 al blocului Romani\u021ba, unde a avut loc un incendiu recent. El le-a lansat o provocare urm\u0103ritorilor [\u2026]<\/div>\n","protected":false},"author":1,"featured_media":67341,"comment_status":"closed","ping_status":"closed","sticky":false,"template":"","format":"standard","meta":{"jnews-multi-image_gallery":[],"jnews_single_post":[],"jnews_primary_category":[],"jnews_social_meta":[],"jnews_override_counter":[],"footnotes":""},"categories":[30],"tags":[],"class_list":["post-67340","post","type-post","status-publish","format-standard","has-post-thumbnail","hentry","category-social_ro"],"_links":{"self":[{"href":"https:\/\/orheifm.live\/index.php\/wp-json\/wp\/v2\/posts\/67340","targetHints":{"allow":["GET"]}}],"collection":[{"href":"https:\/\/orheifm.live\/index.php\/wp-json\/wp\/v2\/posts"}],"about":[{"href":"https:\/\/orheifm.live\/index.php\/wp-json\/wp\/v2\/types\/post"}],"author":[{"embeddable":true,"href":"https:\/\/orheifm.live\/index.php\/wp-json\/wp\/v2\/users\/1"}],"replies":[{"embeddable":true,"href":"https:\/\/orheifm.live\/index.php\/wp-json\/wp\/v2\/comments?post=67340"}],"version-history":[{"count":0,"href":"https:\/\/orheifm.live\/index.php\/wp-json\/wp\/v2\/posts\/67340\/revisions"}],"wp:featuredmedia":[{"embeddable":true,"href":"https:\/\/orheifm.live\/index.php\/wp-json\/wp\/v2\/media\/67341"}],"wp:attachment":[{"href":"https:\/\/orheifm.live\/index.php\/wp-json\/wp\/v2\/media?parent=67340"}],"wp:term":[{"taxonomy":"category","embeddable":true,"href":"https:\/\/orheifm.live\/index.php\/wp-json\/wp\/v2\/categories?post=67340"},{"taxonomy":"post_tag","embeddable":true,"href":"https:\/\/orheifm.live\/index.php\/wp-json\/wp\/v2\/tags?post=67340"}],"curies":[{"name":"wp","href":"https:\/\/api.w.org\/{rel}","templated":true}]}}